{"id":1269,"date":"2007-11-23T13:26:00","date_gmt":"2007-11-23T12:26:00","guid":{"rendered":"https:\/\/antonio-justo.eu\/?p=1269"},"modified":"2007-11-23T13:26:00","modified_gmt":"2007-11-23T12:26:00","slug":"turquia-%e2%80%93-culto-do-ressentimento","status":"publish","type":"post","link":"https:\/\/antonio-justo.eu\/?p=1269","title":{"rendered":"Turquia \u2013 Culto do Ressentimento"},"content":{"rendered":"<p class=\"MsoNormal\"><span style=\"\" lang=\"PT\">Hoje come\u00e7a na Turquia o processo contra 7 homens que est\u00e3o envolvidos na tortura e assass\u00ednio de tr\u00eas crist\u00e3os, a quem cortaram a garganta num assalto \u00e0 editora evang\u00e9lica a 18 de Abril de 2006. <o:p><\/o:p><\/span><\/p>\n<p class=\"MsoNormal\"><span style=\"\" lang=\"PT\"><o:p> <\/o:p><\/span><\/p>\n<p class=\"MsoNormal\"><span style=\"\" lang=\"PT\">Segundo refere a imprensa internacional, h\u00e1 ind\u00edcios de que a justi\u00e7a turca ter\u00e1 compaix\u00e3o para com os assassinos porque o acto que praticaram foi contra mission\u00e1rios crist\u00e3os e a Turquia, que \u00e9 99% isl\u00e2mica, v\u00ea nos crist\u00e3os uma amea\u00e7a contra o patriotismo turco.<o:p><\/o:p><\/span><\/p>\n<p class=\"MsoNormal\"><span style=\"\" lang=\"PT\"><o:p> <\/o:p><\/span><\/p>\n<p class=\"MsoNormal\"><span style=\"\" lang=\"PT\">A presen\u00e7a de Crist\u00e3os na Turquia \u00e9, por si mesma, uma provoca\u00e7\u00e3o, como se pode ver na queixa apresentada em que se diz que os criminosos se sentiam \u201cprovocados\u201d pela presen\u00e7a dos mission\u00e1rios. <o:p><\/o:p><\/span><\/p>\n<p class=\"MsoNormal\"><span style=\"\" lang=\"PT\"><o:p> <\/o:p><\/span><\/p>\n<p class=\"MsoNormal\"><span style=\"\" lang=\"PT\">O presumido assassino G\u00fcnaydin nomeou como pr\u00f3xima v\u00edtima o pastor protestante Wolfgang H\u00e4de. Na Turquia \u00e9 cultivada a suspeita contra crist\u00e3os. Eles t\u00eam um n\u00famero especial, no Bilhete de Identidade, que os identifica como tais.<o:p><\/o:p><\/span><\/p>\n<p class=\"MsoNormal\"><span style=\"\" lang=\"PT\"><o:p> <\/o:p><\/span><\/p>\n<p class=\"MsoNormal\"><span style=\"\" lang=\"PT\">A fidelidade ao Cor\u00e3o e nacionalismo exacerbado na sociedade turca impedem a toler\u00e2ncia.<o:p><\/o:p><\/span><\/p>\n<p class=\"MsoNormal\"><span style=\"\" lang=\"PT\"><o:p> <\/o:p><\/span><\/p>\n<p class=\"MsoNormal\"><span style=\"\" lang=\"PT\">O problema n\u00e3o est\u00e1 apenas no par\u00e1grafo 301 da defesa do \u201cTurquismo\u201d mas, sobretudo, na interpreta\u00e7\u00e3o antidemocr\u00e1tica das mesmas por ju\u00edzes e Minist\u00e9rio P\u00fablico. N\u00e3o chegam leis para proteger minorias contra o \u00f3dio.<o:p><\/o:p><\/span><\/p>\n<p class=\"MsoNormal\"><span style=\"\" lang=\"PT\"><o:p> <\/o:p><\/span><\/p>\n<p class=\"MsoNormal\"><span style=\"\" lang=\"PT\">Os pa\u00edses isl\u00e2micos, em geral, cultivam a intoler\u00e2ncia contra outras religi\u00f5es. Como partem do princ\u00edpio de que o Ocidente \u00e9 terra \u201csem Deus\u201d e, por outro lado, a pol\u00edtica ocidental s\u00f3 interessada no neg\u00f3cio, se mostra indiferente quanto ao que se faz contra os crist\u00e3os, arrogam-se o direito duma pol\u00edtica de expans\u00e3o nos pa\u00edses n\u00e3o isl\u00e2micos, impedindo a sua express\u00e3o internamente.<o:p><\/o:p><\/span><\/p>\n<p class=\"MsoNormal\"><span style=\"\" lang=\"PT\"><o:p> <\/o:p><\/span><\/p>\n<p class=\"MsoNormal\"><span style=\"\" lang=\"PT\">A sociedade pol\u00edtica manifesta uma atitude hip\u00f3crita. O pior \u00e9 que com essa hipocrisia impede as for\u00e7as democr\u00e1ticas isl\u00e2micas fomentando assim o fascismo religioso entre n\u00f3s.<o:p><\/o:p><\/span><\/p>\n<p class=\"MsoNormal\"><span style=\"\" lang=\"PT\"><o:p> <\/o:p><\/span><\/p>\n<p class=\"MsoNormal\"><span style=\"\" lang=\"PT\">Ant\u00f3nio Justo<o:p><\/o:p><\/span><\/p>\n","protected":false},"excerpt":{"rendered":"<p>Hoje come\u00e7a na Turquia o processo contra 7 homens que est\u00e3o envolvidos na tortura e assass\u00ednio de tr\u00eas crist\u00e3os, a quem cortaram a garganta num assalto \u00e0 editora evang\u00e9lica a 18 de Abril de 2006. Segundo refere a imprensa internacional, h\u00e1 ind\u00edcios de que a justi\u00e7a turca ter\u00e1 compaix\u00e3o para com os assassinos porque o &hellip; <a href=\"https:\/\/antonio-justo.eu\/?p=1269\" class=\"more-link\">Continuar a ler <span class=\"screen-reader-text\">Turquia \u2013 Culto do Ressentimento<\/span><\/a><\/p>\n","protected":false},"author":1,"featured_media":0,"comment_status":"open","ping_status":"open","sticky":false,"template":"","format":"standard","meta":{"sfsi_plus_gutenberg_text_before_share":"","sfsi_plus_gutenberg_show_text_before_share":"","sfsi_plus_gutenberg_icon_type":"","sfsi_plus_gutenberg_icon_alignemt":"","sfsi_plus_gutenburg_max_per_row":"","footnotes":""},"categories":[1],"tags":[],"class_list":["post-1269","post","type-post","status-publish","format-standard","hentry","category-sem-categoria"],"_links":{"self":[{"href":"https:\/\/antonio-justo.eu\/index.php?rest_route=\/wp\/v2\/posts\/1269","targetHints":{"allow":["GET"]}}],"collection":[{"href":"https:\/\/antonio-justo.eu\/index.php?rest_route=\/wp\/v2\/posts"}],"about":[{"href":"https:\/\/antonio-justo.eu\/index.php?rest_route=\/wp\/v2\/types\/post"}],"author":[{"embeddable":true,"href":"https:\/\/antonio-justo.eu\/index.php?rest_route=\/wp\/v2\/users\/1"}],"replies":[{"embeddable":true,"href":"https:\/\/antonio-justo.eu\/index.php?rest_route=%2Fwp%2Fv2%2Fcomments&post=1269"}],"version-history":[{"count":0,"href":"https:\/\/antonio-justo.eu\/index.php?rest_route=\/wp\/v2\/posts\/1269\/revisions"}],"wp:attachment":[{"href":"https:\/\/antonio-justo.eu\/index.php?rest_route=%2Fwp%2Fv2%2Fmedia&parent=1269"}],"wp:term":[{"taxonomy":"category","embeddable":true,"href":"https:\/\/antonio-justo.eu\/index.php?rest_route=%2Fwp%2Fv2%2Fcategories&post=1269"},{"taxonomy":"post_tag","embeddable":true,"href":"https:\/\/antonio-justo.eu\/index.php?rest_route=%2Fwp%2Fv2%2Ftags&post=1269"}],"curies":[{"name":"wp","href":"https:\/\/api.w.org\/{rel}","templated":true}]}}