{"id":1267,"date":"2007-11-22T18:11:00","date_gmt":"2007-11-22T17:11:00","guid":{"rendered":"https:\/\/antonio-justo.eu\/?p=1267"},"modified":"2007-11-22T18:11:00","modified_gmt":"2007-11-22T17:11:00","slug":"a-limpeza-da-energia-fotovoltaica","status":"publish","type":"post","link":"https:\/\/antonio-justo.eu\/?p=1267","title":{"rendered":"A Limpeza da Energia Fotovoltaica"},"content":{"rendered":"<div style=\"text-align: center;\"><b style=\"\"><span style=\"\" lang=\"PT\">Portugal falta contra o Protocolo de Kyoto<\/span><\/b><\/div>\n<p class=\"MsoNormal\"><span style=\"\" lang=\"PT\">Entre os estados europeus tamb\u00e9m se registam pa\u00edses que violam a conven\u00e7\u00e3o da diminui\u00e7\u00e3o do g\u00e1s estufa. A conven\u00e7\u00e3o tem por objectivo reduzir o aquecimento global. <o:p><\/o:p><\/span><\/p>\n<p class=\"MsoNormal\"><span style=\"\" lang=\"PT\">No Protocolo de Kyoto os estados assinantes tinham-se comprometido a limitar ou a n\u00e3o exceder uma determinada percentagem da expuls\u00e3o de g\u00e1s estufa de 1900 at\u00e9 2005. O Secretariado das Na\u00e7\u00f5es Unidas (UNFCC) revelou ontem (20.11) em Bona que a Espanha, que se tinha comprometido a n\u00e3o ultrapassar os 15% de emiss\u00e3o, esta aumentou nos \u00faltimos 15 anos 53,3%. Portugal teve um acr\u00e9scimo de 42,8% e a Gr\u00e9cia de 26,6%. A USA registou um aumento de emiss\u00e3o de 16,3%. A Alemanha conseguiu, neste espa\u00e7o de tempo, uma redu\u00e7\u00e3o de emiss\u00e3o para 18,4%.<o:p><\/o:p><\/span><\/p>\n<p class=\"MsoNormal\"><span style=\"\" lang=\"PT\">\u00c9 natural que as na\u00e7\u00f5es em vias de desenvolvimento n\u00e3o se devam submeter a redu\u00e7\u00f5es t\u00e3o dr\u00e1sticas como os pa\u00edses industrializados. A Europa, para motivar a redu\u00e7\u00e3o de emiss\u00e3o (CO2, Metano) possibilita o neg\u00f3cio com certificados de emiss\u00e3o. Assim na\u00e7\u00f5es e empresas mais poluidoras poder\u00e3o comprar a outras que se mant\u00eam abaixo do limite, cr\u00e9ditos de emiss\u00e3o.<o:p><\/o:p><\/span><\/p>\n<p class=\"MsoNormal\"><span style=\"\" lang=\"PT\">Portugal deveria socializar a possibilidade dos portugueses em regime particular produzirem energia fotovoltaica nos seus telhados. A produ\u00e7\u00e3o de energia limpa iria reduzir a percentagem de emiss\u00f5es e fortaleceria as economias dom\u00e9sticas com telhados dispon\u00edveis. <o:p><\/o:p><\/span><\/p>\n<p class=\"MsoNormal\"><span style=\"\" lang=\"PT\">\u00c9 incompreens\u00edvel que na Alemanha, um pa\u00eds muito mais sombrio que Portugal, se vejam, por todo o lado, em muitos telhados particulares as instala\u00e7\u00f5es fotovoltaicas para o gasto de energia el\u00e9ctrica familiar com a possibilidade de vender o excesso de produ\u00e7\u00e3o \u00e0s empresas de electricidade. Apesar da falta de sol, a Alemanha consegue amortizar em cerca de dez anos os investimentos.<o:p><\/o:p><\/span><\/p>\n<p class=\"MsoNormal\"><span style=\"\" lang=\"PT\">A pol\u00edtica portuguesa s\u00f3 tem dado essa possibilidade \u00e0s grandes empresas. O povo que se arranje. Para projectos megal\u00f3manos<span style=\"\">  <\/span>at\u00e9 est\u00e3o disposto a submergir grande \u00e1reas do pa\u00eds com \u00e1gua para produ\u00e7\u00e3o de electricidade ou a fazer passar os Postes de alta tens\u00e3o perto de povoados, sabendo embora que isso provoca cancro. <o:p><\/o:p><\/span><\/p>\n<p class=\"MsoNormal\"><span style=\"\" lang=\"PT\">Um povo sem voz aguenta tudo!<o:p><\/o:p><\/span><\/p>\n<p class=\"MsoNormal\"><span style=\"\" lang=\"PT\">Ant\u00f3nio  Justo<o:p><\/o:p><\/span><\/p>\n","protected":false},"excerpt":{"rendered":"<p>Portugal falta contra o Protocolo de Kyoto Entre os estados europeus tamb\u00e9m se registam pa\u00edses que violam a conven\u00e7\u00e3o da diminui\u00e7\u00e3o do g\u00e1s estufa. A conven\u00e7\u00e3o tem por objectivo reduzir o aquecimento global. No Protocolo de Kyoto os estados assinantes tinham-se comprometido a limitar ou a n\u00e3o exceder uma determinada percentagem da expuls\u00e3o de g\u00e1s &hellip; <a href=\"https:\/\/antonio-justo.eu\/?p=1267\" class=\"more-link\">Continuar a ler <span class=\"screen-reader-text\">A Limpeza da Energia Fotovoltaica<\/span><\/a><\/p>\n","protected":false},"author":1,"featured_media":0,"comment_status":"open","ping_status":"open","sticky":false,"template":"","format":"standard","meta":{"sfsi_plus_gutenberg_text_before_share":"","sfsi_plus_gutenberg_show_text_before_share":"","sfsi_plus_gutenberg_icon_type":"","sfsi_plus_gutenberg_icon_alignemt":"","sfsi_plus_gutenburg_max_per_row":"","footnotes":""},"categories":[1],"tags":[],"class_list":["post-1267","post","type-post","status-publish","format-standard","hentry","category-sem-categoria"],"_links":{"self":[{"href":"https:\/\/antonio-justo.eu\/index.php?rest_route=\/wp\/v2\/posts\/1267","targetHints":{"allow":["GET"]}}],"collection":[{"href":"https:\/\/antonio-justo.eu\/index.php?rest_route=\/wp\/v2\/posts"}],"about":[{"href":"https:\/\/antonio-justo.eu\/index.php?rest_route=\/wp\/v2\/types\/post"}],"author":[{"embeddable":true,"href":"https:\/\/antonio-justo.eu\/index.php?rest_route=\/wp\/v2\/users\/1"}],"replies":[{"embeddable":true,"href":"https:\/\/antonio-justo.eu\/index.php?rest_route=%2Fwp%2Fv2%2Fcomments&post=1267"}],"version-history":[{"count":0,"href":"https:\/\/antonio-justo.eu\/index.php?rest_route=\/wp\/v2\/posts\/1267\/revisions"}],"wp:attachment":[{"href":"https:\/\/antonio-justo.eu\/index.php?rest_route=%2Fwp%2Fv2%2Fmedia&parent=1267"}],"wp:term":[{"taxonomy":"category","embeddable":true,"href":"https:\/\/antonio-justo.eu\/index.php?rest_route=%2Fwp%2Fv2%2Fcategories&post=1267"},{"taxonomy":"post_tag","embeddable":true,"href":"https:\/\/antonio-justo.eu\/index.php?rest_route=%2Fwp%2Fv2%2Ftags&post=1267"}],"curies":[{"name":"wp","href":"https:\/\/api.w.org\/{rel}","templated":true}]}}