{"id":1266,"date":"2007-11-22T18:08:00","date_gmt":"2007-11-22T17:08:00","guid":{"rendered":"https:\/\/antonio-justo.eu\/?p=1266"},"modified":"2007-11-22T18:08:00","modified_gmt":"2007-11-22T17:08:00","slug":"um-dia-a-favor-do-seguro-de-assistencia-dia-de-penitencia-e-oracao","status":"publish","type":"post","link":"https:\/\/antonio-justo.eu\/?p=1266","title":{"rendered":"Um dia a favor do Seguro de Assist\u00eancia &#8211; Dia de Penit\u00eancia e Ora\u00e7\u00e3o"},"content":{"rendered":"<p class=\"MsoNormal\"><span style=\"\" lang=\"PT\">Na Igreja Evang\u00e9lica foi celebrado o \u201cDia de Penit\u00eancia e Ora\u00e7\u00e3o\u201d. Este dia, introduzido em 1532 e fazia parte dos dias Santos da Alemanha at\u00e9 1994. Em 1994 foi decidido acabar-se com o dia santo para que a partir de 1995 passasse a ser um dia de trabalho e assim se compensasse o patronato devido \u00e0 maior carga de contribui\u00e7\u00e3o a suportar por ele para o novo Seguro de Assist\u00eancia (Assist\u00eancia \u00e0 velhice, tratamento e cuidados) ent\u00e3o criado.<o:p><\/o:p><\/span><\/p>\n<p class=\"MsoNormal\"><span style=\"\" lang=\"PT\"><o:p> <\/o:p><\/span><\/p>\n<p class=\"MsoNormal\"><span style=\"\" lang=\"PT\">Muitos evang\u00e9licos, que antes n\u00e3o se opuseram \u00e0 iniciativa do Estado financiar o Seguro de Assist\u00eancia com mais um dia de trabalho \u00e0 custa do dia santo evang\u00e9lico, arrependeram-se de na altura n\u00e3o estarem mais atentos. O estado cada vez tem um est\u00f4mago maior querendo ench\u00ea-lo \u00e0 custa do trabalho do povo n\u00e3o estando ele disposto a renunciar a gastos desnecess\u00e1rios.<o:p><\/o:p><\/span><\/p>\n<p class=\"MsoNormal\"><span style=\"\" lang=\"PT\"><o:p> <\/o:p><\/span><\/p>\n<p class=\"MsoNormal\"><span style=\"\" lang=\"PT\">O \u201cDia de Penit\u00eancia e Ora\u00e7\u00e3o\u201d era o dia do exame de consci\u00eancia e do balan\u00e7o, na rela\u00e7\u00e3o consigo mesmo com o pr\u00f3ximo e com Deus. No meu ver, e na minha maneira de sentir os alem\u00e3es, um dia santo tipicamente prussiano! Talvez um sinal que tamb\u00e9m a Alemanha se deixou levar um pouco pelo secularismo. Mesmo assim, uma obra de caridade, em favor dos mais necessitados, que agora t\u00eam direito a receber comida em casa e a ser tratados em casa, etc.\u2026<o:p><\/o:p><\/span><\/p>\n<p class=\"MsoNormal\"><span style=\"\" lang=\"PT\"><o:p> <\/o:p><\/span><\/p>\n<p class=\"MsoNormal\"><span style=\"\" lang=\"PT\">Penit\u00eancia quer dizer assumir responsabilidade pelo que se faz. Penit\u00eancia ajuda a n\u00e3o aceitar tudo e muitas vezes a sair de becos sem sa\u00edda. A confiss\u00e3o dos pecados torna vis\u00edvel o car\u00e1cter social da nossa vida e dos nossos actos.<o:p><\/o:p><\/span><\/p>\n<p class=\"MsoNormal\"><span style=\"\" lang=\"PT\"><o:p> <\/o:p><\/span><\/p>\n<p class=\"MsoNormal\"><span style=\"\" lang=\"PT\">Rezar \u00e9 ligar-se ao pr\u00f3ximo e a Deus num ecossistema comum.<o:p><\/o:p><\/span><\/p>\n<p class=\"MsoNormal\"><span style=\"\" lang=\"PT\"><o:p> <\/o:p><\/span><\/p>\n<p class=\"MsoNormal\"><span style=\"\" lang=\"PT\">Naturalmente que a ora\u00e7\u00e3o dos crist\u00e3os \u00e9 diferente da dos mu\u00e7ulmanos, o que impede uma ora\u00e7\u00e3o comunit\u00e1ria dos dois em conjunto. Por\u00e9m cada um por si e cada grupo em si pode elevar mais o mundo. Aos olhos de Deus e do mundo o mais importante s\u00e3o as obras, express\u00e3o de esp\u00edritos de boa vontade.<o:p><\/o:p><\/span><\/p>\n<p class=\"MsoNormal\"><span style=\"\" lang=\"PT\"><o:p> <\/o:p><\/span><\/p>\n<p class=\"MsoNormal\"><span style=\"\" lang=\"PT\">Ant\u00f3nio Justo<o:p><\/o:p><\/span><\/p>\n","protected":false},"excerpt":{"rendered":"<p>Na Igreja Evang\u00e9lica foi celebrado o \u201cDia de Penit\u00eancia e Ora\u00e7\u00e3o\u201d. Este dia, introduzido em 1532 e fazia parte dos dias Santos da Alemanha at\u00e9 1994. Em 1994 foi decidido acabar-se com o dia santo para que a partir de 1995 passasse a ser um dia de trabalho e assim se compensasse o patronato devido &hellip; <a href=\"https:\/\/antonio-justo.eu\/?p=1266\" class=\"more-link\">Continuar a ler <span class=\"screen-reader-text\">Um dia a favor do Seguro de Assist\u00eancia &#8211; Dia de Penit\u00eancia e Ora\u00e7\u00e3o<\/span><\/a><\/p>\n","protected":false},"author":1,"featured_media":0,"comment_status":"open","ping_status":"open","sticky":false,"template":"","format":"standard","meta":{"sfsi_plus_gutenberg_text_before_share":"","sfsi_plus_gutenberg_show_text_before_share":"","sfsi_plus_gutenberg_icon_type":"","sfsi_plus_gutenberg_icon_alignemt":"","sfsi_plus_gutenburg_max_per_row":"","footnotes":""},"categories":[1],"tags":[],"class_list":["post-1266","post","type-post","status-publish","format-standard","hentry","category-sem-categoria"],"_links":{"self":[{"href":"https:\/\/antonio-justo.eu\/index.php?rest_route=\/wp\/v2\/posts\/1266","targetHints":{"allow":["GET"]}}],"collection":[{"href":"https:\/\/antonio-justo.eu\/index.php?rest_route=\/wp\/v2\/posts"}],"about":[{"href":"https:\/\/antonio-justo.eu\/index.php?rest_route=\/wp\/v2\/types\/post"}],"author":[{"embeddable":true,"href":"https:\/\/antonio-justo.eu\/index.php?rest_route=\/wp\/v2\/users\/1"}],"replies":[{"embeddable":true,"href":"https:\/\/antonio-justo.eu\/index.php?rest_route=%2Fwp%2Fv2%2Fcomments&post=1266"}],"version-history":[{"count":0,"href":"https:\/\/antonio-justo.eu\/index.php?rest_route=\/wp\/v2\/posts\/1266\/revisions"}],"wp:attachment":[{"href":"https:\/\/antonio-justo.eu\/index.php?rest_route=%2Fwp%2Fv2%2Fmedia&parent=1266"}],"wp:term":[{"taxonomy":"category","embeddable":true,"href":"https:\/\/antonio-justo.eu\/index.php?rest_route=%2Fwp%2Fv2%2Fcategories&post=1266"},{"taxonomy":"post_tag","embeddable":true,"href":"https:\/\/antonio-justo.eu\/index.php?rest_route=%2Fwp%2Fv2%2Ftags&post=1266"}],"curies":[{"name":"wp","href":"https:\/\/api.w.org\/{rel}","templated":true}]}}