{"id":1259,"date":"2007-11-17T18:33:00","date_gmt":"2007-11-17T17:33:00","guid":{"rendered":"https:\/\/antonio-justo.eu\/?p=1259"},"modified":"2007-11-17T18:33:00","modified_gmt":"2007-11-17T17:33:00","slug":"festival-da-cancao","status":"publish","type":"post","link":"https:\/\/antonio-justo.eu\/?p=1259","title":{"rendered":"Festival da Can\u00e7\u00e3o"},"content":{"rendered":"<p><span class=\"texto\">                    <b>Europa de Leste contra a Europa Ocidental<\/b><\/p>\n<p>S\u00e9rvia venceu o festival da Eurovis\u00e3o em Hels\u00ednquia. Na satisfa\u00e7\u00e3o e express\u00e3o da vencedora passava o acto remissor dum pa\u00eds demasiado humilhado pela Europa vizinha&#8230; De notar que todas as antigas rep\u00fablicas jugoslavas deram \u00e0 S\u00e9rvia a pontua\u00e7\u00e3o m\u00e1xima que eram 12 pontos.<\/p>\n<p>Independentemente da qualidade das m\u00fasicas e textos do Festival, uma coisa se tornou evidente: a solidariedade da vota\u00e7\u00e3o entre os estados do antigo bloco de leste. Nele se tornou manifesta a exist\u00eancia de duas Europas. Na hora da m\u00fasica do Pacto de Vars\u00f3via, os sequiosos vencem sobre os de est\u00f4mago cheio.<\/p>\n<p>Atendendo \u00e0 grande quantidade de pa\u00edses pequenos do antigo bloco de Leste, os pa\u00edses da Europa ocidental n\u00e3o ter\u00e3o grande oportunidade de alcan\u00e7ar boa qualifica\u00e7\u00e3o quer na pr\u00e9-selec\u00e7\u00e3o dos pa\u00edses quer na classifica\u00e7\u00e3o final dos festivais.<\/p>\n<p>\u00c9 agrad\u00e1vel notar nos pa\u00edses da periferia o empenho e campanhas televisivas para que os seus conterr\u00e2neos, que vivem emigrados no estrangeiro votem no representante da sua na\u00e7\u00e3o. Devido ao facto da presen\u00e7a migrante nos pa\u00edses de imigra\u00e7\u00e3o, aqueles podem, atrav\u00e9s da sua participa\u00e7\u00e3o telef\u00f3nica influenciar os pontos a distribuir pelos pa\u00edses onde vivem. \u00c9 a lei da competi\u00e7\u00e3o.<\/p>\n<p>                     <b>Portugal sem oportunidade<\/b><br \/>Em alguns meios questionam-se todos os crit\u00e9rios de vota\u00e7\u00e3o. A continuar assim os pa\u00edses da Europa Ocidental perder\u00e3o sempre. Alguns falam j\u00e1 da necessidade da divis\u00e3o dos pa\u00edses participantes em dois grupos para as meias-finais e no fim s\u00f3 deixarem votar os participantes.<\/p>\n<p>A n\u00edvel de c\u00e1lculo de justi\u00e7a distributiva ter\u00e3o raz\u00e3o mas a n\u00edvel duma pol\u00edtica europeia de integradora dos povos isto s\u00f3 acentuaria ainda mais as diferen\u00e7as. Haver\u00e1 por\u00e9m meios de diminuir as injusti\u00e7as. De resto, estas s\u00e3o o nosso fiel companheiro at\u00e9 ao fim dos tempos, se \u201coutros maiores valores\u201d se n\u00e3o levantam!<\/p>\n<p>O maior problema p\u00f5e-se para pa\u00edses ocidentais da periferia como \u00e9 o caso de Portugal. Este, no vigente sistema de vota\u00e7\u00e3o, nunca chegar\u00e1 a alcan\u00e7ar os pontos suficientes para poder passar para l\u00e1 das meias-finais. A Alemanha, a Espanha, a Franca e a Inglaterra participam automaticamente nas finais pelo facto de serem os principais financiadores do Festival.<\/p>\n<p>O crit\u00e9rio definidor da qualidade da m\u00fasica e das letras das can\u00e7\u00f5es \u00e9 muito subjectivo dependendo principalmente dos gostos de p\u00fablicos e de familiaridades culturais.<\/p>\n<p>Ant\u00f3nio Justo                   <\/span><\/p>\n<div align=\"right\"> <span class=\"texto\"><b>Ant\u00f3nio da Cunha Duarte Justo<\/b> <\/span><\/div>\n","protected":false},"excerpt":{"rendered":"<p>Europa de Leste contra a Europa Ocidental S\u00e9rvia venceu o festival da Eurovis\u00e3o em Hels\u00ednquia. Na satisfa\u00e7\u00e3o e express\u00e3o da vencedora passava o acto remissor dum pa\u00eds demasiado humilhado pela Europa vizinha&#8230; De notar que todas as antigas rep\u00fablicas jugoslavas deram \u00e0 S\u00e9rvia a pontua\u00e7\u00e3o m\u00e1xima que eram 12 pontos. Independentemente da qualidade das m\u00fasicas &hellip; <a href=\"https:\/\/antonio-justo.eu\/?p=1259\" class=\"more-link\">Continuar a ler <span class=\"screen-reader-text\">Festival da Can\u00e7\u00e3o<\/span><\/a><\/p>\n","protected":false},"author":1,"featured_media":0,"comment_status":"open","ping_status":"open","sticky":false,"template":"","format":"standard","meta":{"sfsi_plus_gutenberg_text_before_share":"","sfsi_plus_gutenberg_show_text_before_share":"","sfsi_plus_gutenberg_icon_type":"","sfsi_plus_gutenberg_icon_alignemt":"","sfsi_plus_gutenburg_max_per_row":"","footnotes":""},"categories":[1],"tags":[],"class_list":["post-1259","post","type-post","status-publish","format-standard","hentry","category-sem-categoria"],"_links":{"self":[{"href":"https:\/\/antonio-justo.eu\/index.php?rest_route=\/wp\/v2\/posts\/1259","targetHints":{"allow":["GET"]}}],"collection":[{"href":"https:\/\/antonio-justo.eu\/index.php?rest_route=\/wp\/v2\/posts"}],"about":[{"href":"https:\/\/antonio-justo.eu\/index.php?rest_route=\/wp\/v2\/types\/post"}],"author":[{"embeddable":true,"href":"https:\/\/antonio-justo.eu\/index.php?rest_route=\/wp\/v2\/users\/1"}],"replies":[{"embeddable":true,"href":"https:\/\/antonio-justo.eu\/index.php?rest_route=%2Fwp%2Fv2%2Fcomments&post=1259"}],"version-history":[{"count":0,"href":"https:\/\/antonio-justo.eu\/index.php?rest_route=\/wp\/v2\/posts\/1259\/revisions"}],"wp:attachment":[{"href":"https:\/\/antonio-justo.eu\/index.php?rest_route=%2Fwp%2Fv2%2Fmedia&parent=1259"}],"wp:term":[{"taxonomy":"category","embeddable":true,"href":"https:\/\/antonio-justo.eu\/index.php?rest_route=%2Fwp%2Fv2%2Fcategories&post=1259"},{"taxonomy":"post_tag","embeddable":true,"href":"https:\/\/antonio-justo.eu\/index.php?rest_route=%2Fwp%2Fv2%2Ftags&post=1259"}],"curies":[{"name":"wp","href":"https:\/\/api.w.org\/{rel}","templated":true}]}}