{"id":1254,"date":"2007-11-17T18:30:00","date_gmt":"2007-11-17T17:30:00","guid":{"rendered":"https:\/\/antonio-justo.eu\/?p=1254"},"modified":"2007-11-17T18:30:00","modified_gmt":"2007-11-17T17:30:00","slug":"boas-festas","status":"publish","type":"post","link":"https:\/\/antonio-justo.eu\/?p=1254","title":{"rendered":"BOAS FESTAS!"},"content":{"rendered":"<p><span class=\"texto\">                    BOAS FESTAS!<\/p>\n<p>Prezadas e prezados visitantes<br \/>Estimadas e estimados comentadores<\/p>\n<p>Desejo-vos uma P\u00e1scoa muito feliz para v\u00f3s, vossos familiares e amigos.<\/p>\n<p>Muito obrigado pelos vossos contributos e coment\u00e1rios. Da discuss\u00e3o \u00e9 que surge a luz ! Tenho aprendido convosco embora muitas vezes n\u00e3o reaja por falta de tempo.<\/p>\n<p>Quando as ideias provocam significa que em n\u00f3s mesmos h\u00e1 um fraquinho por elas ou que amea\u00e7am um sistema rotineiro em n\u00f3s. Nesse sentido encontramo-nos no mesmo barco!<\/p>\n<p>Naturalmente que num texto ou coment\u00e1rio \u00e9 imposs\u00edvel determinar o pensamento de quem escreve atendendo aos tais \u201cfraquinhos\u201d de cada um e ao que se quer atingir com um texto, que n\u00e3o sendo poesia, pode ter a ver com tend\u00eancias manifestas na nossa sociedade que hoje determinam uma determinada posi\u00e7\u00e3o e amanh\u00e3 uma outra. Um fraquinho meu \u00e9: se estou com esquerdas dou relevo \u00e0 direita e se estou com direitas dou relev\u00e2ncia \u00e0 esquerda. Errare humanum est!<\/p>\n<p>Um abra\u00e7o cordial<br \/>Ant\u00f3nio Justo                   <\/p>\n<div align=\"right\"> <b>Ant\u00f3nio da Cunha Duarte Justo<\/b> <\/div>\n<p><\/span><\/p>\n","protected":false},"excerpt":{"rendered":"<p>BOAS FESTAS! Prezadas e prezados visitantesEstimadas e estimados comentadores Desejo-vos uma P\u00e1scoa muito feliz para v\u00f3s, vossos familiares e amigos. Muito obrigado pelos vossos contributos e coment\u00e1rios. Da discuss\u00e3o \u00e9 que surge a luz ! Tenho aprendido convosco embora muitas vezes n\u00e3o reaja por falta de tempo. Quando as ideias provocam significa que em n\u00f3s &hellip; <a href=\"https:\/\/antonio-justo.eu\/?p=1254\" class=\"more-link\">Continuar a ler <span class=\"screen-reader-text\">BOAS FESTAS!<\/span><\/a><\/p>\n","protected":false},"author":1,"featured_media":0,"comment_status":"open","ping_status":"open","sticky":false,"template":"","format":"standard","meta":{"sfsi_plus_gutenberg_text_before_share":"","sfsi_plus_gutenberg_show_text_before_share":"","sfsi_plus_gutenberg_icon_type":"","sfsi_plus_gutenberg_icon_alignemt":"","sfsi_plus_gutenburg_max_per_row":"","footnotes":""},"categories":[1],"tags":[],"class_list":["post-1254","post","type-post","status-publish","format-standard","hentry","category-sem-categoria"],"_links":{"self":[{"href":"https:\/\/antonio-justo.eu\/index.php?rest_route=\/wp\/v2\/posts\/1254","targetHints":{"allow":["GET"]}}],"collection":[{"href":"https:\/\/antonio-justo.eu\/index.php?rest_route=\/wp\/v2\/posts"}],"about":[{"href":"https:\/\/antonio-justo.eu\/index.php?rest_route=\/wp\/v2\/types\/post"}],"author":[{"embeddable":true,"href":"https:\/\/antonio-justo.eu\/index.php?rest_route=\/wp\/v2\/users\/1"}],"replies":[{"embeddable":true,"href":"https:\/\/antonio-justo.eu\/index.php?rest_route=%2Fwp%2Fv2%2Fcomments&post=1254"}],"version-history":[{"count":0,"href":"https:\/\/antonio-justo.eu\/index.php?rest_route=\/wp\/v2\/posts\/1254\/revisions"}],"wp:attachment":[{"href":"https:\/\/antonio-justo.eu\/index.php?rest_route=%2Fwp%2Fv2%2Fmedia&parent=1254"}],"wp:term":[{"taxonomy":"category","embeddable":true,"href":"https:\/\/antonio-justo.eu\/index.php?rest_route=%2Fwp%2Fv2%2Fcategories&post=1254"},{"taxonomy":"post_tag","embeddable":true,"href":"https:\/\/antonio-justo.eu\/index.php?rest_route=%2Fwp%2Fv2%2Ftags&post=1254"}],"curies":[{"name":"wp","href":"https:\/\/api.w.org\/{rel}","templated":true}]}}