{"id":1252,"date":"2007-11-17T18:29:00","date_gmt":"2007-11-17T17:29:00","guid":{"rendered":"https:\/\/antonio-justo.eu\/?p=1252"},"modified":"2007-11-17T18:29:00","modified_gmt":"2007-11-17T17:29:00","slug":"a-cruzada-socialista-em-portugal","status":"publish","type":"post","link":"https:\/\/antonio-justo.eu\/?p=1252","title":{"rendered":"A Cruzada Socialista em Portugal"},"content":{"rendered":"<p><span class=\"texto\"><b>Portugal adia a vida de per\u00edodo eleitoral em per\u00edodo eleitoral<\/b><\/p>\n<p>Para o governo socialista j\u00e1 n\u00e3o chega a ocupa\u00e7\u00e3o da administra\u00e7\u00e3o. Ele quer assenhorear-se tamb\u00e9m dos campos da moral sexual na escola, na determina\u00e7\u00e3o dos textos a usar nos comp\u00eandios escolares e at\u00e9 interferir nas tradi\u00e7\u00f5es e costumes populares.<\/p>\n<p>Trabalham de maneira sistem\u00e1tica contra a tradi\u00e7\u00e3o crist\u00e3. Talvez porque S\u00f3crates prov\u00e9m duma fam\u00edlia de pr\u00e1tica religiosa n\u00e3o propensa \u00e0 festa o processo se torne mais obstinado. Eles sabem que n\u00e3o precisam de dar satisfa\u00e7\u00e3o a ningu\u00e9m porque o povo s\u00f3 entende de futebol e os multiplicadores directos andam a dormir na forma. A intelig\u00eancia encontra-se de maneira geral amarrada \u00e0 soga do poder.<\/p>\n<p>De lamentar o facto de terem acabado com a tradi\u00e7\u00e3o das f\u00e9rias pascais de uma semana antes  da P\u00e1scoa e outra depois da P\u00e1scoa.<\/p>\n<p>Com a sua regulamenta\u00e7\u00e3o dos 15 dias de f\u00e9rias antes da P\u00e1scoa talvez pretendam estragar a festa de P\u00e1scoa j\u00e1 que as crian\u00e7as nesse dia j\u00e1 v\u00eaem o dia estragado s\u00f3 em pensar nas aulas do dia seguinte. Por outro lado n\u00e3o se preocupam com f\u00e9rias de ver\u00e3o t\u00e3o extensas e com consequ\u00eancias nada vantajosas para uma economia racional do tempo.<\/p>\n<p>Eles fizeram de Portugal uma coutada<br \/>\u00c9 j\u00e1 tradi\u00e7\u00e3o de fascistas e marxistas a ocupa\u00e7\u00e3o do sector da forma\u00e7\u00e3o e da educa\u00e7\u00e3o nos estados onde alcan\u00e7am o poder. Aproveitam da escola para fazer a sua \u201ccatequese\u201d e at\u00e9 com a justifica\u00e7\u00e3o da democracia dorminhoca. Portugal sempre foi usado por elites geralmente com mentalidade remediada, com esp\u00edrito e m\u00e3os de toupeira mas com boca de le\u00e3o.<\/p>\n<p>Em Portugal podem faz\u00ea-lo porque sempre faltou o equil\u00edbrio e o controlo duma camada intelectual isenta e duma classe econ\u00f3mica independente. Todos se encostam ao poder seja ele de direita ou de esquerda. Haver\u00e1 outro pa\u00eds no mundo com tantos professores universit\u00e1rios nos partidos e no governo? Assim temos um pa\u00eds a viver continuamente de m\u00e3o estendida. O povo de m\u00e3os estendidas na rua e os medianos de m\u00e3os estendidas voltadas para o governo. Um pa\u00eds assim ter\u00e1 que viver sempre preocupado com onde arranjar mais impostos, onde ir buscar mais contribui\u00e7\u00f5es para viver da satisfa\u00e7\u00e3o do dar.<\/p>\n<p>Um outro problema \u00e9 o facto do centro direita estar sempre demasiadamente preocupado tamb\u00e9m ele com o poder n\u00e3o estando atento ao que acontece nas escolas e na cultura. Uma pobreza franciscana no que toca aos pr\u00f3prios valores. Tamb\u00e9m muita gente do clero anda de olhos tapados apostando num socialismo de cara camuflada sem verem o que est\u00e1 verdadeiramente a acontecer.<\/p>\n<p>Infelizmente o poder p\u00fablico, as ideias e o sistema com o qual se interpreta a realidade manca, pelo menos meio s\u00e9culo, atr\u00e1s da realidade que produzimos. n\u00e3o nos perguntarmos, como na\u00e7\u00e3o, donde prov\u00e9m o atraso e suas perigosas consequ\u00eancias. O futuro constr\u00f3i-se na escola e a paz depende de vis\u00f5es da vida e dos modos de agir que se aprende. Um socialismo anticultura cada vez se espalha mais em Portugal n\u00e3o s\u00f3 estabilizando a sua pobreza econ\u00f3mica, mas o que \u00e9 mais grave ainda, dando cabo sistematicamente duma cultura impar.<\/p>\n<p>N\u00e3o se trata de ir conta a globaliza\u00e7\u00e3o ou contra a Europa, mas de se construir um mundo mais justo. Se o povo n\u00e3o acorda estamos entregues \u00e0 bicharada.<\/p>\n<p>N\u00e3o se trata de evitar conflitos na percep\u00e7\u00e3o da realidade nacional. \u00c9 melhor ter a coragem de os enfrentar e de discutir acesamente os problemas do que continuar a n\u00e3o tomar conhecimento deles.<\/p>\n<p>Precisamos duma esquerda e duma direita dignas desse nome. Precisamos duma universidade que pense e aja. Precisamos duma escola que deixe de ser alienadora onde se perde o mais do tempo! \u00c9 uma desonra continuar a viver na mis\u00e9ria do factual e no preconceito oportuno, adiando a pr\u00f3pria vida e a vida da na\u00e7\u00e3o de campanha para campanha, de per\u00edodo de elei\u00e7\u00f5es para per\u00edodo de elei\u00e7\u00f5es, sempre e apenas na espera da rota\u00e7\u00e3o dos tachos.<\/p>\n<p>Ant\u00f3nio Justo                   <\/p>\n<div align=\"right\"> <b>Ant\u00f3nio da Cunha Duarte Justo<\/b> <\/div>\n<p><\/span><\/p>\n","protected":false},"excerpt":{"rendered":"<p>Portugal adia a vida de per\u00edodo eleitoral em per\u00edodo eleitoral Para o governo socialista j\u00e1 n\u00e3o chega a ocupa\u00e7\u00e3o da administra\u00e7\u00e3o. Ele quer assenhorear-se tamb\u00e9m dos campos da moral sexual na escola, na determina\u00e7\u00e3o dos textos a usar nos comp\u00eandios escolares e at\u00e9 interferir nas tradi\u00e7\u00f5es e costumes populares. Trabalham de maneira sistem\u00e1tica contra a &hellip; <a href=\"https:\/\/antonio-justo.eu\/?p=1252\" class=\"more-link\">Continuar a ler <span class=\"screen-reader-text\">A Cruzada Socialista em Portugal<\/span><\/a><\/p>\n","protected":false},"author":1,"featured_media":0,"comment_status":"open","ping_status":"open","sticky":false,"template":"","format":"standard","meta":{"sfsi_plus_gutenberg_text_before_share":"","sfsi_plus_gutenberg_show_text_before_share":"","sfsi_plus_gutenberg_icon_type":"","sfsi_plus_gutenberg_icon_alignemt":"","sfsi_plus_gutenburg_max_per_row":"","footnotes":""},"categories":[1],"tags":[],"class_list":["post-1252","post","type-post","status-publish","format-standard","hentry","category-sem-categoria"],"_links":{"self":[{"href":"https:\/\/antonio-justo.eu\/index.php?rest_route=\/wp\/v2\/posts\/1252","targetHints":{"allow":["GET"]}}],"collection":[{"href":"https:\/\/antonio-justo.eu\/index.php?rest_route=\/wp\/v2\/posts"}],"about":[{"href":"https:\/\/antonio-justo.eu\/index.php?rest_route=\/wp\/v2\/types\/post"}],"author":[{"embeddable":true,"href":"https:\/\/antonio-justo.eu\/index.php?rest_route=\/wp\/v2\/users\/1"}],"replies":[{"embeddable":true,"href":"https:\/\/antonio-justo.eu\/index.php?rest_route=%2Fwp%2Fv2%2Fcomments&post=1252"}],"version-history":[{"count":0,"href":"https:\/\/antonio-justo.eu\/index.php?rest_route=\/wp\/v2\/posts\/1252\/revisions"}],"wp:attachment":[{"href":"https:\/\/antonio-justo.eu\/index.php?rest_route=%2Fwp%2Fv2%2Fmedia&parent=1252"}],"wp:term":[{"taxonomy":"category","embeddable":true,"href":"https:\/\/antonio-justo.eu\/index.php?rest_route=%2Fwp%2Fv2%2Fcategories&post=1252"},{"taxonomy":"post_tag","embeddable":true,"href":"https:\/\/antonio-justo.eu\/index.php?rest_route=%2Fwp%2Fv2%2Ftags&post=1252"}],"curies":[{"name":"wp","href":"https:\/\/api.w.org\/{rel}","templated":true}]}}