{"id":1250,"date":"2007-11-17T18:28:00","date_gmt":"2007-11-17T17:28:00","guid":{"rendered":"https:\/\/antonio-justo.eu\/?p=1250"},"modified":"2007-11-17T18:28:00","modified_gmt":"2007-11-17T17:28:00","slug":"papa-bento-xvi","status":"publish","type":"post","link":"https:\/\/antonio-justo.eu\/?p=1250","title":{"rendered":"Papa Bento XVI"},"content":{"rendered":"<p><span class=\"texto\"> Hoje 16 de Abril, dia dia em que o Papa faz oitenta anos foi publicado o seu livro \u201cJesus de Nazar\u00e9\u201d com uma tiragem de 250.000 exemplares. O Pont\u00edfice quer mostrar, na sua nova obra, que os evangelhos descrevem Jesus de maneira inequ\u00edvoca como filho de Deus.<\/p>\n<p>Na continua\u00e7\u00e3o do agir do papa predecessor, Bento XVI acentua a f\u00e9. Procura dar orienta\u00e7\u00e3o em tempos de grande mudan\u00e7a como mostra na sua enc\u00edclica \u201cDeus \u00e9 amor.\u201d Ele mant\u00e9m-se fiel ao seu conservadorismo n\u00e3o correspondendo ainda a muitas esperan\u00e7as postas nele.<\/p>\n<p>Apesar disso os ju\u00edzos e preconceitos t\u00eam diminu\u00eddo de intensidade. Ele afirma-se como um pai consequente.<\/p>\n<p>Na Alemanha j\u00e1 se nota maior interesse pelo cristianismo ocupando este, na consci\u00eancia de muitos, o lugar duma religi\u00e3o de vanguarda. Conseguiu chamar a aten\u00e7\u00e3o para o n\u00facleo da Boa Nova crist\u00e3: o amor e a f\u00e9. Ele que queria passar os \u00faltimos anos da sua vida como cientista escrevendo livros em sossego permanece um homem da doutrina, na continuidade do seu livro publicado em 1968 com o t\u00edtulo \u201cintrodu\u00e7\u00e3o ao cristianismo\u201d, uma obra modelo.<\/p>\n<p>A igreja precisa urgentemente de reformas interiores. Estas t\u00eam de partir duma base mais confiante e menos rotineira, recado que o Papa deixou na sua primeira enc\u00edclica. Seria uma infidelidade ao Cristianismo continuar a crer que bastaria o recurso a reestrutura\u00e7\u00f5es paroquiais para precaver a falta de padres. O esp\u00edrito de \u201cDeus \u00e9 amor\u201d contradiz aquela atitude em voga.<\/p>\n<p>Da reac\u00e7\u00e3o emotiva do mundo \u00e1rabe \u00e0 sua li\u00e7\u00e3o cient\u00edfica de Ratisbona o Papa aprendeu que o seu cargo mais que cient\u00edfico \u00e9 pol\u00edtico. Soube manter-se firme sem desculpas, apesar da praxis hesitante dos que se orientam apenas pelo politicamente correcto, encorajando os cientistas a n\u00e3o abdicarem perante o medo. Ele tem sido um exemplo de coragem e empenho tamb\u00e9m para a pol\u00edtica.<\/p>\n<p>Ant\u00f3nio Justo                   <\/p>\n<div align=\"right\"> <b>Ant\u00f3nio da Cunha Duarte Justo<\/b> <\/div>\n<p><\/span><\/p>\n","protected":false},"excerpt":{"rendered":"<p>Hoje 16 de Abril, dia dia em que o Papa faz oitenta anos foi publicado o seu livro \u201cJesus de Nazar\u00e9\u201d com uma tiragem de 250.000 exemplares. O Pont\u00edfice quer mostrar, na sua nova obra, que os evangelhos descrevem Jesus de maneira inequ\u00edvoca como filho de Deus. Na continua\u00e7\u00e3o do agir do papa predecessor, Bento &hellip; <a href=\"https:\/\/antonio-justo.eu\/?p=1250\" class=\"more-link\">Continuar a ler <span class=\"screen-reader-text\">Papa Bento XVI<\/span><\/a><\/p>\n","protected":false},"author":1,"featured_media":0,"comment_status":"open","ping_status":"open","sticky":false,"template":"","format":"standard","meta":{"sfsi_plus_gutenberg_text_before_share":"","sfsi_plus_gutenberg_show_text_before_share":"","sfsi_plus_gutenberg_icon_type":"","sfsi_plus_gutenberg_icon_alignemt":"","sfsi_plus_gutenburg_max_per_row":"","footnotes":""},"categories":[1],"tags":[],"class_list":["post-1250","post","type-post","status-publish","format-standard","hentry","category-sem-categoria"],"_links":{"self":[{"href":"https:\/\/antonio-justo.eu\/index.php?rest_route=\/wp\/v2\/posts\/1250","targetHints":{"allow":["GET"]}}],"collection":[{"href":"https:\/\/antonio-justo.eu\/index.php?rest_route=\/wp\/v2\/posts"}],"about":[{"href":"https:\/\/antonio-justo.eu\/index.php?rest_route=\/wp\/v2\/types\/post"}],"author":[{"embeddable":true,"href":"https:\/\/antonio-justo.eu\/index.php?rest_route=\/wp\/v2\/users\/1"}],"replies":[{"embeddable":true,"href":"https:\/\/antonio-justo.eu\/index.php?rest_route=%2Fwp%2Fv2%2Fcomments&post=1250"}],"version-history":[{"count":0,"href":"https:\/\/antonio-justo.eu\/index.php?rest_route=\/wp\/v2\/posts\/1250\/revisions"}],"wp:attachment":[{"href":"https:\/\/antonio-justo.eu\/index.php?rest_route=%2Fwp%2Fv2%2Fmedia&parent=1250"}],"wp:term":[{"taxonomy":"category","embeddable":true,"href":"https:\/\/antonio-justo.eu\/index.php?rest_route=%2Fwp%2Fv2%2Fcategories&post=1250"},{"taxonomy":"post_tag","embeddable":true,"href":"https:\/\/antonio-justo.eu\/index.php?rest_route=%2Fwp%2Fv2%2Ftags&post=1250"}],"curies":[{"name":"wp","href":"https:\/\/api.w.org\/{rel}","templated":true}]}}