{"id":1215,"date":"2007-11-17T11:21:00","date_gmt":"2007-11-17T10:21:00","guid":{"rendered":"https:\/\/antonio-justo.eu\/?p=1215"},"modified":"2007-11-17T11:21:00","modified_gmt":"2007-11-17T10:21:00","slug":"o-governo-contradiz-o-presidente-da-republica","status":"publish","type":"post","link":"https:\/\/antonio-justo.eu\/?p=1215","title":{"rendered":"O Governo Contradiz o Presidente da Rep\u00fablica"},"content":{"rendered":"<p><span class=\"texto\"><b>Novos Emolumentos \u2013 Emigrantes Explorados<\/b><\/p>\n<p>\u201cO Estado n\u00e3o pode demitir-se de resolver problemas de emigrantes!\u201d Estas palavras do Presidente da rep\u00fablica Cavaco Silva ainda estavam mal publicadas na imprensa e logo a acompanh\u00e1-las a publica\u00e7\u00e3o das novas tachas a pagar por emigrantes. Assim, para desfazer malentendidos o Governo manda o recado indirecto ao Senhor Presidente: \u201caqui quem manda sou eu\u201d! \u00c9 de aproveitar, aproximam-se as f\u00e9rias!&#8230;<\/p>\n<p>Os governos dificultam a vida ao povo da prov\u00edncia obrigando-o a emigrar. Desresponsabilizam-se e, como n\u00e3o h\u00e1 mal que n\u00e3o venha por bem, servem-se das remessas e dos emolumentos. O Estado portugu\u00eas j\u00e1 h\u00e1 muito se alheou e demitiu da responsabilidade perante este povo. Mais que querer \u201cgarantir estruturas\u201d administrativas para os emigrantes e fomentar pelouros de ocupa\u00e7\u00e3o \u00e0 disposi\u00e7\u00e3o dum Estado partid\u00e1rio que tem uma grande boca, precisando, por isso, de lugares administrativos para ocupar com os seus fieis, \u00e9 urgente o fomento duma cultura aberta, cr\u00edtica e tolerante que valorize a figura do emigrante para Portugal.<\/p>\n<p>Enquanto o emigrante continuar a ser olhado com inveja pelos bons do s\u00edtio e constituir um modo de vida para exploradores da pol\u00edtica, continuar-se-\u00e1 a manter um discurso hip\u00f3crita e mentiroso. Aos emigrantes duplamente v\u00edtimas reserva-se-lhe o papel de mordomos nas festas.<\/p>\n<p>Que haja uma racionaliza\u00e7\u00e3o de meios e servi\u00e7os no sentido dum melhor servi\u00e7o a Portugal e aos emigrantes considerando a emigra\u00e7\u00e3o menos coutada. Em Portugal entram diariamente mais milh\u00f5es de euros enviados pelos emigrantes do que pela Uni\u00e3o Europeia. Entretanto a imprensa portuguesa n\u00e3o valoriza os emigrantes. Pelo contr\u00e1rio, alguma imprensa que publica no estrangeiro est\u00e1 mais preocupava em propagandear os produtos portugueses, o que seria natural se n\u00e3o representasse t\u00e3o mal os interesses dos emigrantes perdendo-se em quest\u00f5es paliativas!&#8230; O v\u00edrus da mentalidade comezinha impera. Todos sabem que o povo explorado n\u00e3o tem remiss\u00e3o. Deles importa o que metem menos \u00e0 boca para outros poderem capitalizar.<\/p>\n<p>Quanto aos portugueses que vivem no estrangeiro ocupando melhores lugares, a administra\u00e7\u00e3o procura infiltrar-lhes o v\u00edrus da subservi\u00eancia com convites ou quejandas. \u00c9 assim que uma migra\u00e7\u00e3o, sem voz por n\u00e3o se interessar em organizar e manifestar, continuar\u00e1 a ser uma migra\u00e7\u00e3o coitadinha nas m\u00e3os de coitadinhos.<\/p>\n<p>                                 <b> A nova tabela<\/b><br \/>A nova tabela de emolumentos consulares publicada no Di\u00e1rio da Rep\u00fablica, aumenta em 63% o custo dos passaportes passados pelos consulados. O passaporte electr\u00f3nico passa a custar 70 euros al\u00e9m dos grandes agravamentos nas custas de servi\u00e7os. O passaporte para menores de 12 anos custa 50 euros e para maiores de 65 anos 60 euros. Pedidos de vistos de escala e de tr\u00e2nsito passam de 10 para 60 euros.<\/p>\n<p>J\u00e1 n\u00e3o bastam as desloca\u00e7\u00f5es a trezentos e mais quil\u00f3metros para muitos emigrantes com a perda de trabalho como a dificulta\u00e7\u00e3o de resolu\u00e7\u00e3o dos actos por via postal em consequ\u00eancia dos agravamentos de envio (custas de envio dum passaporte 35 euros).<\/p>\n<p>O povo espera sempre por l\u00edderes honestos e assim desbarata a vida na desonra do aguentar sempre. E alguns a andar. ainda d\u00e3o a culpa aos emigrantes estes em vez de fazerem revolu\u00e7\u00e3o terem posto a andar.<\/p>\n<p>Ant\u00f3nio Justo                   <\/p>\n<div align=\"right\"> <b>Ant\u00f3nio da Cunha Duarte Justo<\/b> <\/div>\n<p><\/span><\/p>\n","protected":false},"excerpt":{"rendered":"<p>Novos Emolumentos \u2013 Emigrantes Explorados \u201cO Estado n\u00e3o pode demitir-se de resolver problemas de emigrantes!\u201d Estas palavras do Presidente da rep\u00fablica Cavaco Silva ainda estavam mal publicadas na imprensa e logo a acompanh\u00e1-las a publica\u00e7\u00e3o das novas tachas a pagar por emigrantes. Assim, para desfazer malentendidos o Governo manda o recado indirecto ao Senhor Presidente: &hellip; <a href=\"https:\/\/antonio-justo.eu\/?p=1215\" class=\"more-link\">Continuar a ler <span class=\"screen-reader-text\">O Governo Contradiz o Presidente da Rep\u00fablica<\/span><\/a><\/p>\n","protected":false},"author":1,"featured_media":0,"comment_status":"open","ping_status":"open","sticky":false,"template":"","format":"standard","meta":{"sfsi_plus_gutenberg_text_before_share":"","sfsi_plus_gutenberg_show_text_before_share":"","sfsi_plus_gutenberg_icon_type":"","sfsi_plus_gutenberg_icon_alignemt":"","sfsi_plus_gutenburg_max_per_row":"","footnotes":""},"categories":[1],"tags":[],"class_list":["post-1215","post","type-post","status-publish","format-standard","hentry","category-sem-categoria"],"_links":{"self":[{"href":"https:\/\/antonio-justo.eu\/index.php?rest_route=\/wp\/v2\/posts\/1215","targetHints":{"allow":["GET"]}}],"collection":[{"href":"https:\/\/antonio-justo.eu\/index.php?rest_route=\/wp\/v2\/posts"}],"about":[{"href":"https:\/\/antonio-justo.eu\/index.php?rest_route=\/wp\/v2\/types\/post"}],"author":[{"embeddable":true,"href":"https:\/\/antonio-justo.eu\/index.php?rest_route=\/wp\/v2\/users\/1"}],"replies":[{"embeddable":true,"href":"https:\/\/antonio-justo.eu\/index.php?rest_route=%2Fwp%2Fv2%2Fcomments&post=1215"}],"version-history":[{"count":0,"href":"https:\/\/antonio-justo.eu\/index.php?rest_route=\/wp\/v2\/posts\/1215\/revisions"}],"wp:attachment":[{"href":"https:\/\/antonio-justo.eu\/index.php?rest_route=%2Fwp%2Fv2%2Fmedia&parent=1215"}],"wp:term":[{"taxonomy":"category","embeddable":true,"href":"https:\/\/antonio-justo.eu\/index.php?rest_route=%2Fwp%2Fv2%2Fcategories&post=1215"},{"taxonomy":"post_tag","embeddable":true,"href":"https:\/\/antonio-justo.eu\/index.php?rest_route=%2Fwp%2Fv2%2Ftags&post=1215"}],"curies":[{"name":"wp","href":"https:\/\/api.w.org\/{rel}","templated":true}]}}