{"id":1209,"date":"2007-11-17T11:18:00","date_gmt":"2007-11-17T10:18:00","guid":{"rendered":"https:\/\/antonio-justo.eu\/?p=1209"},"modified":"2007-11-17T11:18:00","modified_gmt":"2007-11-17T10:18:00","slug":"mario-soares-%e2%80%93-cavalo-de-troia-ao-servico-dos-combatentes-laicistas","status":"publish","type":"post","link":"https:\/\/antonio-justo.eu\/?p=1209","title":{"rendered":"M\u00e1rio Soares \u2013 Cavalo de Troia ao servi\u00e7o dos combatentes laicistas"},"content":{"rendered":"<p><span class=\"texto\"><b>Comiss\u00e3o de Liberdade Religiosa \u2013 Mais um Couto pol\u00edtico<\/b><\/p>\n<p>                                 <b>A Igreja pol\u00edtica lusitana<\/b><br \/>O Primeiro-ministro S\u00f3crates, sumo-sacerdote da comunidade religiosa civil, assistido pela sabedoria de \u201cJeov\u00e1\u201d e \u00e0 luz das velas marxistas e racionalistas acaba de elevar \u00e0s honras do altar um homem s\u00f3lido na cren\u00e7a agn\u00f3stica e laica nomeando-o presidente da Comiss\u00e3o de Liberdade Religiosa.<\/p>\n<p>S\u00f3crates com um s\u00f3 gesto d\u00e1 alimento a bocas grandes e presta venera\u00e7\u00e3o \u00e0 ma\u00e7onaria bem representada no governo e honra assim M\u00e1rio Soares, seu melhor ac\u00f3lito depois do 25 de Abril, tamb\u00e9m chefe da Irmandade socialista! S\u00f3crates geralmente mais virado para as cren\u00e7as pragm\u00e1ticas protestantes tem que ir concedendo algumas bulas aos do \u201cSal\u00e3o do Reino\u201d socialista, doutro modo cairia ele na desgra\u00e7a do purgat\u00f3rio dos incr\u00e9dulos e dos ingratos do Reino! Mais um passo no sentido da estabiliza\u00e7\u00e3o da f\u00e9 civil, \u00e0 margem e contra a justi\u00e7a social, num modelo de sociedade que continua a adiar a realiza\u00e7\u00e3o do povo para a escatologia.<\/p>\n<p>O c\u00e9u da democracia portuguesa \u00e9 pobrezinho mas honrado. A devo\u00e7\u00e3o do preceito cumprido de 4 em 4 anos e a consequente penit\u00eancia posterior, j\u00e1 n\u00e3o s\u00f3 quaresmal mas di\u00e1ria, como conv\u00e9m a devotos praticantes conscientes, \u00e9 o que resta da consola\u00e7\u00e3o duma liturgia do dever cumprido para al\u00e9m do agasalho da alma c\u00edvica alcan\u00e7ado na venera\u00e7\u00e3o dalguns santos em com\u00edcios, congressos ou simplesmente na reza di\u00e1ria do ter\u00e7o televisivo na uni\u00e3o na esperan\u00e7a da comunh\u00e3o dos cidad\u00e3os. N\u00e3o fossem uns infi\u00e9is derrotistas a questionar os irm\u00e3os laicistas, os sacerdotes mais irm\u00e3os do Reino, n\u00e3o fossem uns desmancha-prazeres renegados e antiquados que pretendem manter a cren\u00e7a na exist\u00eancia do purgat\u00f3rio e do inferno para os dos andares de baixo, a paz daquele c\u00e9u pobrezinho mas honrado n\u00e3o teria nuvens.<\/p>\n<p>Na vida pol\u00edtica, social e religiosa, quem n\u00e3o reza n\u00e3o se safa, o que mais conta \u00e9 o ardor da devo\u00e7\u00e3o e, quanto mais a mente e os olhos se fecharem, maior \u00e9 o gozo do Reino. Este \u00e9 o dogma que mant\u00e9m tanto o sistema socialista como o capitalista, propagado por seus servidores sacerdotes. Por isso os fi\u00e9is ortodoxos da democracia tiram \u00e0 boca para venerar e premiar os seus santos, j\u00e1 n\u00e3o com hinos e louvores mas com coutos rendosos. No c\u00e9u da democracia, os santos de hoje j\u00e1 se encontram mais perto do povo embora com boca fina, justificando-se por isso a manjedoura especial da nomenclatura. Este \u00e9 o reino dos tais independentes, dos tais livres que se conseguiram libertar do povo, que para eles \u00e9 o reino do mal e da imbecilidade; o inferno \u00e9 o povo. No reino dos realismos n\u00e3o h\u00e1 diabo; a\u00ed o povo \u00e9 pastagem e a aten\u00e7\u00e3o vai para as vacas. N\u00e3o tivessem elas mamas!&#8230;<\/p>\n<p>Uma caracter\u00edstica quase geral da sociedade intelectual portuguesa, tamb\u00e9m comum ao povo, \u00e9 a paci\u00eancia. Esta, agasalhada em v\u00e9u de pele de camale\u00e3o, \u00e9 o pressuposto para se vir a ser o novo santo, santo da Igreja lusitana democr\u00e1tica. Paci\u00eancia e obedi\u00eancia, pedem os autocratas. \u201cPaci\u00eancia, os santos do andar de cima l\u00e1 sabem!\u201d \u2013 exclama o devoto civil, seguindo os passos dos embu\u00e7ados para as capelas e lojas laicistas. Sirva-lhes de consolo na ladainha das virtudes democr\u00e1ticas a palavra m\u00e1gica a modo de refr\u00e3o: Paci\u00eancia, paci\u00eancia. \u201cPaci\u00eancia\u201d \u00e9 o \u00e1men da comunidade civil na Igreja pol\u00edtica lusitana. Em momentos de maior afli\u00e7\u00e3o a ladainha \u00e9 acrescentada por mais um rogo: Santa democracia, ora pro nobis! O \u00f3pio de esperan\u00e7a contida naquela palavra pol\u00edtica \u201cPaci\u00eancia\u201d chega para tirar as nuvens negras do horizonte at\u00e9 ao pr\u00f3ximo p\u00f4r do sol. O que nos salva \u00e9 a f\u00e9, j\u00e1 diziam outros antes dos sacerdotes pol\u00edticos. Estes para opiar os devotos da sua comunidade falam do \u00f3pio do \u201c\u00e1men\u201dda outra religi\u00e3o. Sabem que o melhor pasto para esfomeados \u00e9 falar-lhe do pasto dos da manjedoura vizinha. Enquanto discutem sobre religi\u00e3o cat\u00f3lica n\u00e3o notam que o problema est\u00e1 mais na religi\u00e3o pol\u00edtica. Os sumos-sacerdotes da comunidade civil ganham a guerra desviando assim o povo para campos de combate paralelos.<\/p>\n<p>           <b>Eles comem tudo e n\u00e3o deixam nada\u2026<\/b><br \/>M\u00e1rio Soares tem-se revelado um bom Cavalo de Troia dos combatentes laicistas e republicanistas no meio duma portugalidade fraca. O pobre socialismo d\u00e1 mais uma comenda ao pobre Soares. Assim se continua a tradi\u00e7\u00e3o duma pol\u00edtica da revolu\u00e7\u00e3o republicana em que se criavam e enriqueciam bar\u00f5es com os bens da igreja! (N\u00e3o se trata aqui de defender o Catolicismo mas de apelar ao esp\u00edrito cr\u00edtico do povo para com o seu clero e para com os seus pol\u00edticos. Estes encontram-se geralmente n\u00e3o do lado do povo mas do outro lado, do lado da institui\u00e7\u00e3o que instrumentalizam e defendem na defesa do seu bem-estar! O prado \u00e9 o mesmo. As formas de institui\u00e7\u00e3o \u00e9 que mudam! Deus e povo cada vez se tornam mais lameiro de engorda!)<\/p>\n<p>Quando o governo n\u00e3o sabe o que fazer ou quer iludir o povo cria uma comiss\u00e3o. Deste modo pode desautorizar os deputados eleitos democraticamente, ou us\u00e1-la para auto-propaganda e dar susentento a filhos necessitados de t\u00e3o grande m\u00e3e! Eles vivem de guerras substitutas (lugar-tenentes, as melhores iscas para levar o povo) e querem, \u00e0 base de pseudo conflitos religiosos, justificar a auto afirma\u00e7\u00e3o e hegemonia sobre as institui\u00f5es religiosas e o povo. Usam o Estado, que deveria ser neutro, para se instalarem. \u00c9 o saneamento pela positiva. Est\u00e3o-se marimbando para o patrim\u00f3nio cultural duma na\u00e7\u00e3o ou com o seu desenvolvimento. Defendem o direito de afirma\u00e7\u00e3o da cultura das tribos contra a na\u00e7\u00e3o. Esta \u00e9 a sua hora, a hora do seu multiculturalismo, como se Portugal fosse de 1900! A sua capacidade de discernimento \u00e9 enfoscada pela gan\u00e2ncia do poder e pelo fundamentalismo ideol\u00f3gico. Soares, independentemente de m\u00e9ritos que tamb\u00e9m tem, um convencido da sua f\u00e9, teve o m\u00e9rito e a esperteza de embrulhar os crentes do lado adverso alimentando-se da baralhada de cren\u00e7as e utopias. J\u00f6rg Zink afirma que \u201ccada Pigmeu e cada Esquim\u00f3 sabe mais sobre a sua religi\u00e3o do que os ocidentais sobre a sua\u201d. Estes conhecem s\u00f3 o primitivismo da religi\u00e3o e quando muito o seu folclore. O mesmo se pode dizer dos partidos e das filosofias que os suportam.<\/p>\n<p>Jos\u00e9 S\u00f3crates desejou-lhe \u201cmuita sorte\u201d na ger\u00eancia duma Comiss\u00e3o \u00e0 tona da sorte e dos pa\u00edses interessados em exportar os problemas que t\u00eam no sector, devido a uma errada pol\u00edtica de imigra\u00e7\u00e3o.<br \/>Quem o declara \u201cneutro em mat\u00e9ria religiosa\u201d ou \u00e9 ing\u00e9nuo ou quer introduzir o cavalo troiano (com os soldados do fanatismo laicista n\u00e3o menos perigoso que o religioso) pela calada da noite dentro dos muros duma sociedade que apenas trocou os cueiros dum sistema pelo outro. Boa noite Portugal!<\/p>\n<p>M\u00e1rio Soares esconde o seu exacerbamento ideol\u00f3gico falando dum \u201cexacerbamento dos fanatismos religiosos\u201d a importar e que, gra\u00e7as ao islamismo, \u00e9 aproveitado para justificar a implementa\u00e7\u00e3o sub-rept\u00edcia da ideologia marxista-iluminista.<\/p>\n<p>Soares apesar de ter sido apoiado, nos in\u00edcios da sua escalada ao poder, pelos socialistas alem\u00e3es (SPD) n\u00e3o aprendeu nem compreendeu o esp\u00edrito germ\u00e2nico aberto \u00e0 novidade no respeito pela tradi\u00e7\u00e3o e na conviv\u00eancia respeitadora e digna entre o religioso e o laico sem lutas jacobinistas republicanas. O oportunismo ideol\u00f3gico racionalista e marxista quer refinadamente desinstabilizar a tradi\u00e7\u00e3o cultural portuguesa servindo-se do terrorismo islamista como pretexto. O fundamentalismo com que a internacional socialista e seus ac\u00f3litos tem posto na ordem do dia contra uma cultura de maioria crist\u00e3 na Europa \u00e9 irrespons\u00e1vel. Esquecem que o fundamentalismo islamico que se encontra em avan\u00e7o fomentando tamb\u00e9m ele tend\u00eancias fundamentalistas na cultura maiorit\u00e1ria. Na aplica\u00e7\u00e3o do poder judicial j\u00e1 se pode observar que este j\u00e1 abdica de ideais liberais em considera\u00e7\u00e3o de costumes isl\u00e2micos mais pr\u00f3prios duma sociedade de car\u00e1cter mais pastoril.<\/p>\n<p>Para Soares e seus irm\u00e3os trata-se de uma \u00faltima oportunidade para em nome duma liberdade rect\u00f3rica e em nome da mentira da igualdade de religioes se institucionalizar o engodo. Ingenuamente joga-se com o fogo. Estes pretensos defensores da modernidade podem tornar-se no seu maior perigo ao servir-se das diferen\u00e7as religiosas como se serve Alcaida da religi\u00e3o para atingirem os seus fins. Querem desmontar a cultura europeia nos seus fundamentos a pretexto dum socialismo primitivo e dum racionalismo desencarnado e desumano. Naturalmente que a tradi\u00e7\u00e3o se deve encontrar em processo aberto para o futuro a caminho de maior liberdade e da restitui\u00e7\u00e3o da dignidade humana ao ser humano. Este n\u00e3o pode consistir por\u00e9m apenas na substitui\u00e7\u00e3o duns dogmas pelos outros por muito que a massa seja a isso propensa e grata. A inc\u00faria da massa n\u00e3o deve ser pretexto para eternizar a injusti\u00e7a e o abuso dos sistemas de poder na sua sucessiva sucess\u00e3o. A na\u00e7\u00e3o precisa duma elite nobre e n\u00e3o abusadora! Precisa de muito investimento na cultura do seu povo.<\/p>\n<p>         <b>Comiss\u00e3o para a Igualdade dos Partidos<\/b><br \/>Armam-se em juizes imparciais de pretensos problemas religiosos, embo\u00e7ados em Comiss\u00f5es. Porque n\u00e3o criam uma \u201cComiss\u00e3o para a Liberdade e Igualdade dos Partidos\u201d. Porque \u00e9 que a democracia trata t\u00e3o mal os partidos pequenos sendo umas comiss\u00f5es parlamentares desfavorecidas em rela\u00e7\u00e3o \u00e0s outras no parlamento? N\u00e3o seri \u00f3bvia aqui uma Comiss\u00e3? Porque d\u00e3o mais tempo de antena aos partidos da maioria do que aos outros. Os fariseus, salvo seja, usam de duas medidas. E o povo ressona ao som das telenovelas e depois gritam;\u201dAqui-d\u2019el-rei, que me roubam a casa!\u201d Esta deveria ser a mat\u00e9ria para que Soares teria aptid\u00e3o e compet\u00eancia mas certamente que tamb\u00e9m aqui lhe falta a independ\u00eancia necess\u00e1ria. Apoderam-se da democracia e seguem a suma isl\u00e2mica: para bem de Al\u00e1 tamb\u00e9m a mentira \u00e9 virtude! O problema est\u00e1 na pr\u00f3pria convic\u00e7\u00e3o e na sua \u201cindepend\u00eancia\u201d. Soares, devoto marxista na luta contra os crucifixos, n\u00e3o deixou a decis\u00e3o aos interessados e envolvidos directamente no problema. Esta \u00e9 a democracia que os tubar\u00f5es conhecem. A fortaleza e convic\u00e7\u00e3o dos \u201cquem tem um olho \u00e9 rei\u201d!<\/p>\n<p>       <b>Comiss\u00e3o Liberdade de Diferentes Soberanias<\/b><br \/>N\u00e3o seria mais \u00f3bvia a cria\u00e7\u00e3o duma \u201cComiss\u00e3o para a Igualdade e liberdade de Diferentes Soberanias\u201d de diferentes formas de governo: ditadura, democracia, despotismo iluminado, anarquia, etc&#8230; Aqui sim que estes pol\u00edticos poderiam ter mais compet\u00eancia. O alcance do seu pensamento por\u00e9m parece s\u00f3 chegar at\u00e9 aos limites da pr\u00f3pria coutada. A pol\u00edtica como a religi\u00e3o n\u00e3o podem ocupar todos os lugares do ser humano. N\u00e3o devem por\u00e9m continuar a ser prevalentemente ocupadas por mandat\u00e1rios de costas voltadas para o povo e para a sua realidade!<\/p>\n<p>Uma Comiss\u00e3o \u00c9tica, embora com muitas objec\u00e7\u00f5es, ainda seria toler\u00e1vel mas n\u00e3o a abstrusidade duma Comiss\u00e3o de Liberdade Religiosa para Portugal e para mais ao servi\u00e7o do secularismo \u00e9 totalmente controversa.<\/p>\n<p>A liberdade religiosa e a liberdade democr\u00e1tica precisam s\u00f3 duma constitui\u00e7\u00e3o assente na consciencia do povo e de leis justas para todos. Para seguir a l\u00f3gica dos crit\u00e9rios de \u201cindepend\u00eancia\u201d seguida na nomea\u00e7\u00e3o do presidente para a Comiss\u00e3o porque n\u00e3o colocar s\u00f3 anarquistas \u00e0 frente das comiss\u00f5es pol\u00edticas?<\/p>\n<p>O fanatismo laicista republicano e o fanatismo religioso pretendem-se senhores da verdade; s\u00e3o fundamentalistas convencidos em guerra-fria! Eles andam por a\u00ed vestidos com pele de cordeiro! S\u00f3 um povo inteiro se pode defender deles desde que esteja ciente de que se encontra da parte de baixo do ribeiro! O problema \u00e9 cultural e duma sociedade m\u00e9dia desinteressada no projecto Portugal. Um Portugal aberto e livre poria em quest\u00e3o as aquisi\u00e7\u00f5es daqueles que cronicamente de gera\u00e7\u00e3o em gera\u00e7\u00e3o vivem \u00e0 custa da falta da justi\u00e7a social para o povo. A esta luz todos os projectos t\u00eam sido falhados! S\u00f3 t\u00eam persist\u00eancia os coutos pol\u00edticos! Quo vadis Portugal?<\/p>\n<p>Ant\u00f3nio Justo                   <\/p>\n<div align=\"right\"> <b>Ant\u00f3nio da Cunha Duarte Justo<\/b> <\/div>\n<p><\/span><\/p>\n","protected":false},"excerpt":{"rendered":"<p>Comiss\u00e3o de Liberdade Religiosa \u2013 Mais um Couto pol\u00edtico A Igreja pol\u00edtica lusitanaO Primeiro-ministro S\u00f3crates, sumo-sacerdote da comunidade religiosa civil, assistido pela sabedoria de \u201cJeov\u00e1\u201d e \u00e0 luz das velas marxistas e racionalistas acaba de elevar \u00e0s honras do altar um homem s\u00f3lido na cren\u00e7a agn\u00f3stica e laica nomeando-o presidente da Comiss\u00e3o de Liberdade Religiosa. &hellip; <a href=\"https:\/\/antonio-justo.eu\/?p=1209\" class=\"more-link\">Continuar a ler <span class=\"screen-reader-text\">M\u00e1rio Soares \u2013 Cavalo de Troia ao servi\u00e7o dos combatentes laicistas<\/span><\/a><\/p>\n","protected":false},"author":1,"featured_media":0,"comment_status":"open","ping_status":"open","sticky":false,"template":"","format":"standard","meta":{"sfsi_plus_gutenberg_text_before_share":"","sfsi_plus_gutenberg_show_text_before_share":"","sfsi_plus_gutenberg_icon_type":"","sfsi_plus_gutenberg_icon_alignemt":"","sfsi_plus_gutenburg_max_per_row":"","footnotes":""},"categories":[1],"tags":[],"class_list":["post-1209","post","type-post","status-publish","format-standard","hentry","category-sem-categoria"],"_links":{"self":[{"href":"https:\/\/antonio-justo.eu\/index.php?rest_route=\/wp\/v2\/posts\/1209","targetHints":{"allow":["GET"]}}],"collection":[{"href":"https:\/\/antonio-justo.eu\/index.php?rest_route=\/wp\/v2\/posts"}],"about":[{"href":"https:\/\/antonio-justo.eu\/index.php?rest_route=\/wp\/v2\/types\/post"}],"author":[{"embeddable":true,"href":"https:\/\/antonio-justo.eu\/index.php?rest_route=\/wp\/v2\/users\/1"}],"replies":[{"embeddable":true,"href":"https:\/\/antonio-justo.eu\/index.php?rest_route=%2Fwp%2Fv2%2Fcomments&post=1209"}],"version-history":[{"count":0,"href":"https:\/\/antonio-justo.eu\/index.php?rest_route=\/wp\/v2\/posts\/1209\/revisions"}],"wp:attachment":[{"href":"https:\/\/antonio-justo.eu\/index.php?rest_route=%2Fwp%2Fv2%2Fmedia&parent=1209"}],"wp:term":[{"taxonomy":"category","embeddable":true,"href":"https:\/\/antonio-justo.eu\/index.php?rest_route=%2Fwp%2Fv2%2Fcategories&post=1209"},{"taxonomy":"post_tag","embeddable":true,"href":"https:\/\/antonio-justo.eu\/index.php?rest_route=%2Fwp%2Fv2%2Ftags&post=1209"}],"curies":[{"name":"wp","href":"https:\/\/api.w.org\/{rel}","templated":true}]}}