{"id":1206,"date":"2007-11-17T11:16:00","date_gmt":"2007-11-17T10:16:00","guid":{"rendered":"https:\/\/antonio-justo.eu\/?p=1206"},"modified":"2007-11-17T11:16:00","modified_gmt":"2007-11-17T10:16:00","slug":"crucifixos-em-todas-as-escolas","status":"publish","type":"post","link":"https:\/\/antonio-justo.eu\/?p=1206","title":{"rendered":"Crucifixos em todas as Escolas"},"content":{"rendered":"<p><span class=\"texto\">                    Crucifixos em todas as Escolas<br \/>Ant\u00f3nio Justo<br \/>O secret\u00e1rio-geral da CDU (de que Angela Merkel \u00e9 a presidente) declarou \u00e0 imprensa: \u201dComo partido que traz o nome crist\u00e3o queremos que o testemunho pelo cristianismo permane\u00e7a no espa\u00e7o p\u00fablico.\u201d \u00c9 o caso das escolas, tribunais e Servi\u00e7os P\u00fablicos.<\/p>\n<p>Os Verdes e o FDP declararam-se estritamente contra.<\/p>\n<p>Actualmente, no Estado Federado da Baviera, continua a tradi\u00e7\u00e3o do crucifixo nas escolas. Nestas, os pais podem, por maioria, impor que sejam retirados!<\/p>\n<p>A presen\u00e7a isl\u00e2mica faz-se sentir de tal maneira na rep\u00fablica que, pouco a pouco, leva a cultura maiorit\u00e1ria a declarar cor!<\/p>\n<p>A religiosa isl\u00e2mica mostra-se t\u00e3o auto-suficiente que muitos (seculares e crist\u00e3os) t\u00eam receio que pouco a pouco a Europa se desequilibre.<\/p>\n<p>Alguns j\u00e1 reagem atirando para l\u00e1 do alvo!<\/p>\n<p>Um factor de certos exacerbamentos est\u00e1 no facto de certos socialistas e grupos de esquerda j\u00e1 h\u00e1 muito tempo se terem aliado aos interesses isl\u00e2micos apoiando-os indiferenciadamente tomando em assuntos controversos sempre posi\u00e7\u00e3o contra a cultura crist\u00e3, e apoiando deste modo a teocracia que no seu esp\u00edrito pouco difere da comunista.<\/p>\n<p>Este tem sido o equ\u00edvoco dos laicistas e racionalistas que sem discernimento de esp\u00edrito n\u00e3o se d\u00e3o conta que s\u00e3o um bi\u00f3topo do cristianismo, um esc\u00e2ndalo intoler\u00e1vel numa teocracia como o Islao.<\/p>\n<p>Muitos secularistas em vez fazerem uma cr\u00edtica s\u00e9ria ao cristianismo atacam-no fanaticamente, sem terem a m\u00ednima ideia da filosofia que o acompanha e que lhes deu o ser.<\/p>\n<p>Grupos secularistas militantes ajudam a estrumar o solo j\u00e1 de si f\u00e9rtil do fanatismo religioso.<\/p>\n<p>Ant\u00f3nio da Cunha Duarte Justo                   <\/p>\n<div align=\"right\"> <b>Ant\u00f3nio da Cunha Duarte Justo<\/b> <\/div>\n<p><\/span><\/p>\n","protected":false},"excerpt":{"rendered":"<p>Crucifixos em todas as EscolasAnt\u00f3nio JustoO secret\u00e1rio-geral da CDU (de que Angela Merkel \u00e9 a presidente) declarou \u00e0 imprensa: \u201dComo partido que traz o nome crist\u00e3o queremos que o testemunho pelo cristianismo permane\u00e7a no espa\u00e7o p\u00fablico.\u201d \u00c9 o caso das escolas, tribunais e Servi\u00e7os P\u00fablicos. Os Verdes e o FDP declararam-se estritamente contra. Actualmente, no &hellip; <a href=\"https:\/\/antonio-justo.eu\/?p=1206\" class=\"more-link\">Continuar a ler <span class=\"screen-reader-text\">Crucifixos em todas as Escolas<\/span><\/a><\/p>\n","protected":false},"author":1,"featured_media":0,"comment_status":"open","ping_status":"open","sticky":false,"template":"","format":"standard","meta":{"sfsi_plus_gutenberg_text_before_share":"","sfsi_plus_gutenberg_show_text_before_share":"","sfsi_plus_gutenberg_icon_type":"","sfsi_plus_gutenberg_icon_alignemt":"","sfsi_plus_gutenburg_max_per_row":"","footnotes":""},"categories":[1],"tags":[],"class_list":["post-1206","post","type-post","status-publish","format-standard","hentry","category-sem-categoria"],"_links":{"self":[{"href":"https:\/\/antonio-justo.eu\/index.php?rest_route=\/wp\/v2\/posts\/1206","targetHints":{"allow":["GET"]}}],"collection":[{"href":"https:\/\/antonio-justo.eu\/index.php?rest_route=\/wp\/v2\/posts"}],"about":[{"href":"https:\/\/antonio-justo.eu\/index.php?rest_route=\/wp\/v2\/types\/post"}],"author":[{"embeddable":true,"href":"https:\/\/antonio-justo.eu\/index.php?rest_route=\/wp\/v2\/users\/1"}],"replies":[{"embeddable":true,"href":"https:\/\/antonio-justo.eu\/index.php?rest_route=%2Fwp%2Fv2%2Fcomments&post=1206"}],"version-history":[{"count":0,"href":"https:\/\/antonio-justo.eu\/index.php?rest_route=\/wp\/v2\/posts\/1206\/revisions"}],"wp:attachment":[{"href":"https:\/\/antonio-justo.eu\/index.php?rest_route=%2Fwp%2Fv2%2Fmedia&parent=1206"}],"wp:term":[{"taxonomy":"category","embeddable":true,"href":"https:\/\/antonio-justo.eu\/index.php?rest_route=%2Fwp%2Fv2%2Fcategories&post=1206"},{"taxonomy":"post_tag","embeddable":true,"href":"https:\/\/antonio-justo.eu\/index.php?rest_route=%2Fwp%2Fv2%2Ftags&post=1206"}],"curies":[{"name":"wp","href":"https:\/\/api.w.org\/{rel}","templated":true}]}}