{"id":1182,"date":"2007-11-17T11:03:00","date_gmt":"2007-11-17T10:03:00","guid":{"rendered":"https:\/\/antonio-justo.eu\/?p=1182"},"modified":"2007-11-17T11:03:00","modified_gmt":"2007-11-17T10:03:00","slug":"uma-sociedade-cada-vez-mais-injusta-%e2%80%93-uma-politica-reduzida-a-oficina-de-reparacoes","status":"publish","type":"post","link":"https:\/\/antonio-justo.eu\/?p=1182","title":{"rendered":"Uma sociedade cada vez mais injusta \u2013 Uma pol\u00edtica reduzida a oficina de repara\u00e7\u00f5es"},"content":{"rendered":"<p><span class=\"texto\">                    <b>Idade de Reforma na Alemanha aos 67 Anos<\/b><\/p>\n<p>A reforma completa s\u00f3 ser\u00e1 poss\u00edvel a partir dos 67 ou depois de 45 anos de seguro aos 65 anos. Isto significa que quem nasceu em 1947 j\u00e1 come\u00e7a a ter de trabalhar mais ou de se sujeitar a redu\u00e7\u00e3o na sua reforma. A coliga\u00e7\u00e3o CDU\/SPD tinha determinado p\u00f4r a regra a partir de 2035 mas o Ministro para assuntos sociais M\u00fcntefering (SPD) conseguiu impor-se no Gabinete de Ministros e antecipar o prazo para 2029. A regra prev\u00ea que de 2012 a 2024 a reforma sofra o adiamento de um m\u00eas por ano e de 2025 a 2029 o adiamento da idade de reforma ser\u00e1 de dois meses por ano. A contribui\u00e7\u00e3o para a reforma passar\u00e1 de 19,5% para 19,9% a partir do pr\u00f3ximo ano. Certamente que as reac\u00e7\u00f5es a esta decis\u00e3o n\u00e3o ser\u00e3o muitas atendendo \u00e0 apatia a que a sociedade chegou.<br \/>          As caixas de reforma foram durante muitos anos postas \u00e0 pilhagem por pol\u00edticos irrespons\u00e1veis que <b>pagavam as reformas de colonos alem\u00e3es retornados  do leste <\/b>e de refugiados com os fundos das Caixas de Reforma, mantidas pelas quotas dos s\u00f3cios. A ajuda do Estado limita-se apenas a uma gota que cai numa pedra quente. N\u00e3o se fale j\u00e1 das <b>reformas antecipadas \u00e0 custa da solidariedade das quotas dos trabalhadores<\/b>. Neste caso o Estado deveria compensar na totalidade, com subven\u00e7\u00f5es provindas dos impostos, os benef\u00edcios que concede com a reforma antecipada ou a quem n\u00e3o pagou para a caixa de reforma.<br \/>Esta medida, agora tomada, corresponde a uma diminui\u00e7\u00e3o substancial na reforma. Isto \u00e9 injusto atendendo a que por outro lado se segue uma pol\u00edtica de emprego dificultadora da cria\u00e7\u00e3o de lugares de emprego a pessoas com idade a partir dos 50 anos e facilitando, por outro lado, o despedimento aos empregados desta idade. \u00c9 um esc\u00e2ndalo que o er\u00e1rio p\u00fablico, e, neste caso, <b>os contribuintes das Caixas de reforma e os reformados tenham de subsidiar o saneamento do pessoal <\/b>das firmas que, apesar de grandes ganhos, querem ainda mais \u00e0 custa dos empregados para poderem investir no estrangeiro, e assim melhor concorrer com os pobres. Esta hipoteca para as gera\u00e7\u00f5es do futuro \u00e9 irrespons\u00e1vel.<br \/>Naturalmente que o grande problema est\u00e1 no facto da nossa sociedade se ter tornado ego\u00edsta e, consequentemente, se recusar a ter filhos. <b>A fam\u00edlia foi explorada e continua a s\u00ea-lo.<\/b> Hoje muitos dos nossos pol\u00edticos, que seguem o esp\u00edrito do tempo, ainda n\u00e3o notaram que<b> o nosso problema n\u00e3o \u00e9 s\u00f3 a falta de distribui\u00e7\u00e3o de trabalho e da riqueza mas tamb\u00e9m a falta de filhos. <\/b>Limitam a sua ac\u00e7\u00e3o a correr atr\u00e1s da economia e as suas preocupa\u00e7\u00f5es <b>centram-se mais em fomentar uma pol\u00edtica em favor de singles e de uni\u00f5es gay \u00e0 custa da fam\u00edlia procriadora.<\/b><br \/>Uma sociedade com fraca natalidade chegar\u00e1 ao ponto de um trabalhador ter de pagar quotas para manter dois reformados. <b>Um sistema de reforma equilibrado ter\u00e1 que premiar aqueles que tenham filhos<\/b>. Assim as fam\u00edlias com filhos deveriam ser compensadas em termos de reforma.<br \/>H\u00e1 trabalhos em que o desgaste da vida \u00e9 maior do que noutros. Assim, sabe-se, pela estat\u00edstica, que um trabalhador vive menos 7 anos do que empregados de outros servi\u00e7os; tamb\u00e9m as mulheres vivem, estatisticamente em m\u00e9dia, mais 7 anos do que os homens.<br \/>          Na fantasia dos pol\u00edticos ser\u00e1 f\u00e1cil arranjar lugares de trabalho para pessoas entre os 60 e os 67 anos. Parece que <b>vivemos numa sociedade maluca em que para se aumentarem os rendimentos das firmas e dos accionistas se despedem pessoas, deixando fam\u00edlias na dependura. <\/b>      <br \/>          Empresas an\u00f3nimas exploram o homem descaradamente e sem remorsos. <b>O turbo-capitalismo orienta-se apenas pelos lucros sempre \u00e0 procura da ca\u00e7a, da v\u00edtima, procurando sempre lugares ou pessoas com ordenados baixos, com menores direitos de trabalhadores e se poss\u00edvel ainda \u00e0 custa do meio-ambiente e dos subs\u00eddios europeus para os pa\u00edses pobres.<\/b><br \/>         O poder das companhias internacionais, com sede nos pa\u00edses ricos ser\u00e3o de tal ordem poderosas que <b>por\u00e3o em perigo a democracia <\/b>e em nome da globaliza\u00e7\u00e3o destruir\u00e3o uma \u00e9tica de trabalho e uma mundivis\u00e3o crist\u00e3 do Homem. Actualmente j\u00e1 se vai tendo a impress\u00e3o que, em parte, a fun\u00e7\u00e3o dos pol\u00edticos \u00e9 andar atr\u00e1s das empresas internacionais criando-lhe facilidades e depois seguindo-as atr\u00e1s na <b>repara\u00e7\u00e3o dos estragos que causaram<\/b>. Enfim, uma pol\u00edtica reduzida a oficina de repara\u00e7\u00f5es. <b>Esta sociedade cada vez se despede mais dos valores crist\u00e3os da dignidade humana e do amor ao pr\u00f3ximo que se expressava na solidariedade social e que hoje se procura desmiolar<\/b>. O Homem \u00e9 visto pelas ideologias como mero sujeito a ser explorado esquecendo-se que o Homem, a caminho, \u00e9 fim em si mesmo e n\u00e3o pode ser objectivado e explorado em fun\u00e7\u00e3o do proveito e da gan\u00e2ncia seja ela capitalista ou ideol\u00f3gica. Tem que se chegar a uma forma de tratamento justo em que todos contribuam para a solidariedade social independentemente de se ser trabalhador, m\u00e9dico, pol\u00edtico, funcion\u00e1rio do estado, artista, etc.<br \/>Precisa-se uma mentalidade mais humana onde o ordenado m\u00e1ximo n\u00e3o passe de 20 ordenados m\u00ednimos, isto \u00e9 que a partir duma certa quantia se fosse obrigado a disponibilizar o excesso de ganho para fundos sociais, ou sociedades em que cada um poderia criar em benef\u00edcio s\u00f3cio-cultural. Assim se fomentaria o mecenato e uma sociedade humana, tamb\u00e9m ela, baseada na iniciativa e na propriedade privada.<\/p>\n<p><b>Ant\u00f3nio Justo<\/b><br \/>Alemanha                   <\/span><\/p>\n<div align=\"right\"> <span class=\"texto\"><b>Ant\u00f3nio da Cunha Duarte Justo<\/b> <\/span><\/div>\n","protected":false},"excerpt":{"rendered":"<p>Idade de Reforma na Alemanha aos 67 Anos A reforma completa s\u00f3 ser\u00e1 poss\u00edvel a partir dos 67 ou depois de 45 anos de seguro aos 65 anos. Isto significa que quem nasceu em 1947 j\u00e1 come\u00e7a a ter de trabalhar mais ou de se sujeitar a redu\u00e7\u00e3o na sua reforma. A coliga\u00e7\u00e3o CDU\/SPD tinha &hellip; <a href=\"https:\/\/antonio-justo.eu\/?p=1182\" class=\"more-link\">Continuar a ler <span class=\"screen-reader-text\">Uma sociedade cada vez mais injusta \u2013 Uma pol\u00edtica reduzida a oficina de repara\u00e7\u00f5es<\/span><\/a><\/p>\n","protected":false},"author":1,"featured_media":0,"comment_status":"open","ping_status":"open","sticky":false,"template":"","format":"standard","meta":{"sfsi_plus_gutenberg_text_before_share":"","sfsi_plus_gutenberg_show_text_before_share":"","sfsi_plus_gutenberg_icon_type":"","sfsi_plus_gutenberg_icon_alignemt":"","sfsi_plus_gutenburg_max_per_row":"","footnotes":""},"categories":[1],"tags":[],"class_list":["post-1182","post","type-post","status-publish","format-standard","hentry","category-sem-categoria"],"_links":{"self":[{"href":"https:\/\/antonio-justo.eu\/index.php?rest_route=\/wp\/v2\/posts\/1182","targetHints":{"allow":["GET"]}}],"collection":[{"href":"https:\/\/antonio-justo.eu\/index.php?rest_route=\/wp\/v2\/posts"}],"about":[{"href":"https:\/\/antonio-justo.eu\/index.php?rest_route=\/wp\/v2\/types\/post"}],"author":[{"embeddable":true,"href":"https:\/\/antonio-justo.eu\/index.php?rest_route=\/wp\/v2\/users\/1"}],"replies":[{"embeddable":true,"href":"https:\/\/antonio-justo.eu\/index.php?rest_route=%2Fwp%2Fv2%2Fcomments&post=1182"}],"version-history":[{"count":0,"href":"https:\/\/antonio-justo.eu\/index.php?rest_route=\/wp\/v2\/posts\/1182\/revisions"}],"wp:attachment":[{"href":"https:\/\/antonio-justo.eu\/index.php?rest_route=%2Fwp%2Fv2%2Fmedia&parent=1182"}],"wp:term":[{"taxonomy":"category","embeddable":true,"href":"https:\/\/antonio-justo.eu\/index.php?rest_route=%2Fwp%2Fv2%2Fcategories&post=1182"},{"taxonomy":"post_tag","embeddable":true,"href":"https:\/\/antonio-justo.eu\/index.php?rest_route=%2Fwp%2Fv2%2Ftags&post=1182"}],"curies":[{"name":"wp","href":"https:\/\/api.w.org\/{rel}","templated":true}]}}