{"id":11376,"date":"2026-09-03T17:43:53","date_gmt":"2026-09-03T16:43:53","guid":{"rendered":"https:\/\/antonio-justo.eu\/?p=11376"},"modified":"2026-09-03T17:43:53","modified_gmt":"2026-09-03T16:43:53","slug":"do-controlo-estabilizador-ao-descontrolo-democratico","status":"publish","type":"post","link":"https:\/\/antonio-justo.eu\/?p=11376","title":{"rendered":"DO CONTROLO ESTABILIZADOR AO DESCONTROLO DEMOCR\u00c1TICO"},"content":{"rendered":"<p style=\"text-align: center;\"><strong>O Dilema da Informa\u00e7\u00e3o na Era da Emo\u00e7\u00e3o e consequ\u00eancias para o aparelho do Estado<\/strong><\/p>\n<p>Vivemos um per\u00edodo de transi\u00e7\u00e3o especial. <strong>Durante d\u00e9cadas, os meios de comunica\u00e7\u00e3o tradicionais, imprensa e televis\u00e3o, desempenharam um papel de filtragem da informa\u00e7\u00e3o, conduzindo a opini\u00e3o p\u00fablica por corredores seguros alinhados com os poderes estabelecidos.<\/strong> <strong>Com a consolida\u00e7\u00e3o da Uni\u00e3o Europeia, esta influ\u00eancia estendeu-se ao meio governativo e acad\u00e9mico, moldando curr\u00edculos e privilegiando certas correntes de pensamento. No s\u00e9culo XXI, as ag\u00eancias noticiosas globais uniformizaram a narrativa, tornando-a repetitiva em todo o espa\u00e7o europeu, enquanto Bruxelas transformava o conhecimento num bem comercializ\u00e1vel e dirig\u00edvel.<\/strong><\/p>\n<p>A democratiza\u00e7\u00e3o trazida pelas novas plataformas digitais e redes sociais quebrou esse monop\u00f3lio dos mediadores cl\u00e1ssicos. No entanto, esta liberta\u00e7\u00e3o teve como consequ\u00eancia a informa\u00e7\u00e3o tornar-se profundamente emocional porque mais adaptada \u00e0 percep\u00e7\u00e3o da generalidade. <strong>As elites pol\u00edticas e os seus media afiliados perceberam rapidamente o potencial deste fil\u00e3o.<\/strong> <strong>Recorrendo a t\u00e9cnicas de psicologia aplicada e de neurobiologia, aprenderam a formatar emocionalmente os cidad\u00e3os, pois a emo\u00e7\u00e3o, quando ativada, desliga a raz\u00e3o.<\/strong> <strong>Assim nasceu a realidade p\u00f3s-factual<\/strong><strong> ou p\u00f3s verdade <\/strong><strong>com o relativismo vigente que lhe d\u00e1 forma. \u00a0O objetivo \u00e9 reduzir a sociedade a uma massa de clientes, cuja capacidade intelectual se mede pela efemeridade do &#8220;like&#8221; e das estat\u00edsticas sociol\u00f3gicas.<\/strong> <strong>Este novo m\u00e9todo de arrazoamento substitui o conhecimento pelo sentimento e a verdade pelo impacto<\/strong>. A curadoria do jornalista e do editor foi substitu\u00edda pelos algoritmos, que alimentam a ind\u00fastria do sentimento em vez de servirem como mediadores objectivos como seria de esperar. <strong>Vivemos, por isso, num s\u00f3t\u00e3o com janelas para o mundo, mas sem alicerces na vida real.<\/strong><\/p>\n<p><strong>Esta fase interm\u00e9dia gera inseguran\u00e7a tanto nos cidad\u00e3os como nas estruturas estatais. A<\/strong> <strong>revolu\u00e7\u00e3o da Intelig\u00eancia Artificial acelera a passagem do modelo anal\u00f3gico para novas formas de rela\u00e7\u00e3o social e pol\u00edtica, com implica\u00e7\u00f5es profundas no aparelho do Estado.<\/strong><\/p>\n<p>Em primeiro lugar, exige-se uma revis\u00e3o urgente dos pr\u00f3prios instrumentos da democracia representativa. <strong>As mesas de voto presenciais, especialmente para os portugueses na di\u00e1spora, tornaram-se pe\u00e7as arcaicas de um modelo anal\u00f3gico.<\/strong> A obrigatoriedade de desloca\u00e7\u00e3o f\u00edsica a locais espec\u00edficos, em dias marcados, contrasta com a fluidez do mundo digital e desincentiva a participa\u00e7\u00e3o de milh\u00f5es de cidad\u00e3os. <strong>A substitui\u00e7\u00e3o por um sistema de voto eletr\u00f3nico seguro, edit\u00e1vel e acess\u00edvel deixou de ser uma op\u00e7\u00e3o para se tornar uma necessidade premente.<\/strong> Esta moderniza\u00e7\u00e3o n\u00e3o s\u00f3 garantiria o efetivo exerc\u00edcio da cidadania al\u00e9m-fronteiras, como aliviaria a press\u00e3o log\u00edstica sobre o aparelho consular e eleitoral.<\/p>\n<p>Em segundo lugar, este novo ecossistema tecnol\u00f3gico implicar\u00e1 novas formas de organiza\u00e7\u00e3o partid\u00e1ria e de consulta \u00e0 popula\u00e7\u00e3o. <strong>O governo poder\u00e1 realizar referendos consultivos ainda muito mais intensivos do que o atual modelo su\u00ed\u00e7o, diluindo o poder central em associa\u00e7\u00f5es regionais ou locais.<\/strong> Neste cen\u00e1rio, o pr\u00f3prio parlamento poderia ser reduzido ou assumir novas fun\u00e7\u00f5es e os ju\u00edzes constitucionais, em vez de nomea\u00e7\u00f5es partid\u00e1rias, poder\u00e3o vir a ser eleitos por consulta direta ao povo.<\/p>\n<p><strong>A grande quest\u00e3o que se coloca \u00e9: conseguiremos dominar a Intelig\u00eancia Artificial e o voto digital antes que sejam monopolizados pelos mesmos senhores da pol\u00edtica e da informa\u00e7\u00e3o artificial?<\/strong> O futuro da nossa democracia e a credibilidade do nosso Estado dependem de recuperarmos o espa\u00e7o para a raz\u00e3o e para a participa\u00e7\u00e3o inclusiva, num mundo cada vez mais dominado pelo afeto digital e pela rigidez de estruturas ultrapassadas.<\/p>\n<p><strong>Ant\u00f3nio da Cunha Duarte Justo<\/strong><br \/>\nPegadas do Tempo \u00a9<br \/>\nORCID: <a href=\"https:\/\/orcid.org\/0009-0003-6251-1578\">https:\/\/orcid.org\/0009-0003-6251-1578<\/a><\/p>\n","protected":false},"excerpt":{"rendered":"<p>O Dilema da Informa\u00e7\u00e3o na Era da Emo\u00e7\u00e3o e consequ\u00eancias para o aparelho do Estado Vivemos um per\u00edodo de transi\u00e7\u00e3o especial. Durante d\u00e9cadas, os meios de comunica\u00e7\u00e3o tradicionais, imprensa e televis\u00e3o, desempenharam um papel de filtragem da informa\u00e7\u00e3o, conduzindo a opini\u00e3o p\u00fablica por corredores seguros alinhados com os poderes estabelecidos. Com a consolida\u00e7\u00e3o da Uni\u00e3o &hellip; <a href=\"https:\/\/antonio-justo.eu\/?p=11376\" class=\"more-link\">Continuar a ler <span class=\"screen-reader-text\">DO CONTROLO ESTABILIZADOR AO DESCONTROLO DEMOCR\u00c1TICO<\/span><\/a><\/p>\n","protected":false},"author":1,"featured_media":0,"comment_status":"open","ping_status":"open","sticky":false,"template":"","format":"standard","meta":{"sfsi_plus_gutenberg_text_before_share":"","sfsi_plus_gutenberg_show_text_before_share":"","sfsi_plus_gutenberg_icon_type":"","sfsi_plus_gutenberg_icon_alignemt":"","sfsi_plus_gutenburg_max_per_row":"","footnotes":""},"categories":[15,14,4,5,17,6,7,16],"tags":[],"class_list":["post-11376","post","type-post","status-publish","format-standard","hentry","category-cultura","category-economia","category-educacao","category-escola","category-filosofia","category-migracao","category-politica","category-sociedade"],"_links":{"self":[{"href":"https:\/\/antonio-justo.eu\/index.php?rest_route=\/wp\/v2\/posts\/11376","targetHints":{"allow":["GET"]}}],"collection":[{"href":"https:\/\/antonio-justo.eu\/index.php?rest_route=\/wp\/v2\/posts"}],"about":[{"href":"https:\/\/antonio-justo.eu\/index.php?rest_route=\/wp\/v2\/types\/post"}],"author":[{"embeddable":true,"href":"https:\/\/antonio-justo.eu\/index.php?rest_route=\/wp\/v2\/users\/1"}],"replies":[{"embeddable":true,"href":"https:\/\/antonio-justo.eu\/index.php?rest_route=%2Fwp%2Fv2%2Fcomments&post=11376"}],"version-history":[{"count":1,"href":"https:\/\/antonio-justo.eu\/index.php?rest_route=\/wp\/v2\/posts\/11376\/revisions"}],"predecessor-version":[{"id":11377,"href":"https:\/\/antonio-justo.eu\/index.php?rest_route=\/wp\/v2\/posts\/11376\/revisions\/11377"}],"wp:attachment":[{"href":"https:\/\/antonio-justo.eu\/index.php?rest_route=%2Fwp%2Fv2%2Fmedia&parent=11376"}],"wp:term":[{"taxonomy":"category","embeddable":true,"href":"https:\/\/antonio-justo.eu\/index.php?rest_route=%2Fwp%2Fv2%2Fcategories&post=11376"},{"taxonomy":"post_tag","embeddable":true,"href":"https:\/\/antonio-justo.eu\/index.php?rest_route=%2Fwp%2Fv2%2Ftags&post=11376"}],"curies":[{"name":"wp","href":"https:\/\/api.w.org\/{rel}","templated":true}]}}