{"id":11371,"date":"2026-09-01T10:13:20","date_gmt":"2026-09-01T09:13:20","guid":{"rendered":"https:\/\/antonio-justo.eu\/?p=11371"},"modified":"2026-09-01T10:13:20","modified_gmt":"2026-09-01T09:13:20","slug":"auto-do-demos-em-guerra","status":"publish","type":"post","link":"https:\/\/antonio-justo.eu\/?p=11371","title":{"rendered":"AUTO DO DEMOS EM GUERRA"},"content":{"rendered":"<p><em>Junto ao Muro das lamenta\u00e7\u00f5es!<\/em><\/p>\n<p>De Bruxelas, em auto de agonia,<br \/>\nVai o Demos \u00e0 feira da ilus\u00e3o.<br \/>\nE\u00e7a e Vicente na ponta da ironia,<br \/>\nVeem o voto ungir <em>boys<\/em> sem raz\u00e3o.<\/p>\n<p>Mal os elege, a plateia desatina,<br \/>\nChora a burrice que ela mesma criou.<br \/>\nMas eis que a ast\u00facia, de casaca e gravata,<br \/>\nCavalga o medo que a guerra gerou.<\/p>\n<p>N\u00f3s, resignados, no pante\u00e3o da asnice,<br \/>\nVemos o mundo em chamas a arder.<br \/>\nEnquanto o E3, em comiss\u00f5es felizes,<br \/>\nCinzela o vazio que nos faz tremer.<\/p>\n<p>Mas deste hosp\u00edcio, eis o paradoxo santo:<br \/>\n\u00c9 o menos reles dos regimes, enfim.<br \/>\nPois s\u00f3 a farsa, com seu nobre encanto,<br \/>\nConverte a burrice em soberania assim.<\/p>\n<p><strong>Ant\u00f3nio da Cunha Duarte Justo<\/strong><\/p>\n<p><strong>Pegadas do Tempo<\/strong><\/p>\n","protected":false},"excerpt":{"rendered":"<p>Junto ao Muro das lamenta\u00e7\u00f5es! De Bruxelas, em auto de agonia, Vai o Demos \u00e0 feira da ilus\u00e3o. E\u00e7a e Vicente na ponta da ironia, Veem o voto ungir boys sem raz\u00e3o. Mal os elege, a plateia desatina, Chora a burrice que ela mesma criou. Mas eis que a ast\u00facia, de casaca e gravata, Cavalga &hellip; <a href=\"https:\/\/antonio-justo.eu\/?p=11371\" class=\"more-link\">Continuar a ler <span class=\"screen-reader-text\">AUTO DO DEMOS EM GUERRA<\/span><\/a><\/p>\n","protected":false},"author":1,"featured_media":0,"comment_status":"open","ping_status":"open","sticky":false,"template":"","format":"standard","meta":{"sfsi_plus_gutenberg_text_before_share":"","sfsi_plus_gutenberg_show_text_before_share":"","sfsi_plus_gutenberg_icon_type":"","sfsi_plus_gutenberg_icon_alignemt":"","sfsi_plus_gutenburg_max_per_row":"","footnotes":""},"categories":[3,7,16],"tags":[],"class_list":["post-11371","post","type-post","status-publish","format-standard","hentry","category-arte","category-politica","category-sociedade"],"_links":{"self":[{"href":"https:\/\/antonio-justo.eu\/index.php?rest_route=\/wp\/v2\/posts\/11371","targetHints":{"allow":["GET"]}}],"collection":[{"href":"https:\/\/antonio-justo.eu\/index.php?rest_route=\/wp\/v2\/posts"}],"about":[{"href":"https:\/\/antonio-justo.eu\/index.php?rest_route=\/wp\/v2\/types\/post"}],"author":[{"embeddable":true,"href":"https:\/\/antonio-justo.eu\/index.php?rest_route=\/wp\/v2\/users\/1"}],"replies":[{"embeddable":true,"href":"https:\/\/antonio-justo.eu\/index.php?rest_route=%2Fwp%2Fv2%2Fcomments&post=11371"}],"version-history":[{"count":1,"href":"https:\/\/antonio-justo.eu\/index.php?rest_route=\/wp\/v2\/posts\/11371\/revisions"}],"predecessor-version":[{"id":11372,"href":"https:\/\/antonio-justo.eu\/index.php?rest_route=\/wp\/v2\/posts\/11371\/revisions\/11372"}],"wp:attachment":[{"href":"https:\/\/antonio-justo.eu\/index.php?rest_route=%2Fwp%2Fv2%2Fmedia&parent=11371"}],"wp:term":[{"taxonomy":"category","embeddable":true,"href":"https:\/\/antonio-justo.eu\/index.php?rest_route=%2Fwp%2Fv2%2Fcategories&post=11371"},{"taxonomy":"post_tag","embeddable":true,"href":"https:\/\/antonio-justo.eu\/index.php?rest_route=%2Fwp%2Fv2%2Ftags&post=11371"}],"curies":[{"name":"wp","href":"https:\/\/api.w.org\/{rel}","templated":true}]}}