{"id":10924,"date":"2026-05-02T00:55:24","date_gmt":"2026-05-01T23:55:24","guid":{"rendered":"https:\/\/antonio-justo.eu\/?p=10924"},"modified":"2026-05-02T01:11:30","modified_gmt":"2026-05-02T00:11:30","slug":"1-o-de-maio-o-dia-em-que-as-maquinas-choram-por-nos-2","status":"publish","type":"post","link":"https:\/\/antonio-justo.eu\/?p=10924","title":{"rendered":"1.\u00ba DE MAIO: O DIA EM QUE AS M\u00c1QUINAS CHORAM POR N\u00d3S"},"content":{"rendered":"<div class=\"x14z9mp xat24cr x1lziwak x1vvkbs xtlvy1s x126k92a\">\n<div dir=\"auto\">Era uma vez um mundo que trocou as m\u00e3os calejadas por dedos de a\u00e7o, os suspiros dos cansados pelo zumbido infal\u00edvel das m\u00e1quinas. Hoje, no primeiro dia de maio, os sinos dobram, mas n\u00e3o celebram porque o seu tocar parece de lamento. Soam por aqueles que ainda se chamam trabalhadores, embora o trabalho j\u00e1 n\u00e3o os reconhe\u00e7a como seus.<\/div>\n<\/div>\n<div class=\"x14z9mp xat24cr x1lziwak x1vvkbs xtlvy1s x126k92a\">\n<div dir=\"auto\">Os homens outrora conquistaram este dia como um ref\u00fagio no calend\u00e1rio do suor, um instante de respiro entre a servid\u00e3o dos s\u00e9culos. Mas que ironia: ganharam um dia e perderam os outros. Os sal\u00e1rios, m\u00ednimos como esmolas, compram p\u00e3o, mas n\u00e3o compram horizonte. Sustentam o corpo, mas deixam a alma em jejum. E enquanto os rel\u00f3gios de ponto viram algoritmos, os direitos desmancham-se no ar, como fumo de chamin\u00e9s abandonadas.<\/div>\n<\/div>\n<div class=\"x14z9mp xat24cr x1lziwak x1vvkbs xtlvy1s x126k92a\">\n<div dir=\"auto\">A automa\u00e7\u00e3o chegou sem piedade, vestida de progresso, e onde pisou, deixou pegadas de desalento. O oper\u00e1rio, antes explorado, agora \u00e9 ignorado. Suas m\u00e3os, que moviam o mundo, s\u00e3o pe\u00e7as sobressalentes num mecanismo que se autorepara. O capital desalmado, esfinge insaci\u00e1vel, devora at\u00e9 seus pr\u00f3prios filhos\u2014e os que sobram, assistem, esfaimados de futuro, \u00e0 decomposi\u00e7\u00e3o da pr\u00f3pria dignidade.<\/div>\n<\/div>\n<div class=\"x14z9mp xat24cr x1lziwak x1vvkbs xtlvy1s x126k92a\">\n<div dir=\"auto\">Onde est\u00e3o os sindicatos? Onde est\u00e3o os gritos que furaram o c\u00e9u como fachos? Mudos, encurralados pela engrenagem que n\u00e3o tem ouvidos, apenas rodas dentadas. Resta ao Homem a escolha de se render como pe\u00e7a solta ou erguer-se como brasa. A precariza\u00e7\u00e3o \u00e9 cada vez mais abrangente pois n\u00e3o \u00e9 s\u00f3 do of\u00edciomas sobretudos da alma. O trabalho sem rosto cria homens sem nome.<\/div>\n<\/div>\n<div class=\"x14z9mp xat24cr x1lziwak x1vvkbs xtlvy1s x126k92a\">\n<div dir=\"auto\">Os governantes, feiticeiros de n\u00fameros, falam em produtividade, em flexibilidade, em revolu\u00e7\u00f5es digitais, que no final se revelam como palavras vazias que rolam como moedas falsas. Suas leis s\u00e3o escritas em c\u00f3digo bin\u00e1rio, sem espa\u00e7o para l\u00e1grimas ou suor. Enquanto isso, a vida torna-se l\u00edquida, escorre por entre os dedos como areia de horas extras n\u00e3o pagas. O Ocidente, outrora farol, agora \u00e9 um navio \u00e0 deriva, com velas rasgadas pelo mesmo vento que soprou sobre os colonizados. A roda da hist\u00f3ria gira, e os de baixo come\u00e7am a exigir o que lhes foi negado, enquanto os de cima j\u00e1 nem sabem o que \u00e9 humanidade.<\/div>\n<\/div>\n<div class=\"x14z9mp xat24cr x1lziwak x1vvkbs xtlvy1s x126k92a\">\n<div dir=\"auto\">Na sombra deste dia, S\u00e3o Jos\u00e9 Oper\u00e1rio estende suas m\u00e3os marcadas pela plaina. Carpinteiro, pai, homem mas n\u00e3o algoritmo, n\u00e3o fun\u00e7\u00e3o nem estat\u00edstica. Se queremos resistir ao dil\u00favio de cifras, n\u00e3o basta lembrar Chicago; \u00e9 preciso invocar o milagre do trabalho que n\u00e3o humilha, que n\u00e3o reduz, que n\u00e3o descarta.<\/div>\n<\/div>\n<div class=\"x14z9mp xat24cr x1lziwak x1vvkbs xtlvy1s x126k92a\">\n<div dir=\"auto\">E Portugal, pequeno barco neste oceano de ferrugem e sil\u00edcio? Entre o centralismo que esmaga e o globalismo que desfigura, s\u00f3 nos resta a rebeldia das ra\u00edzes. A Europa ser\u00e1 federal ou n\u00e3o ser\u00e1, pois s\u00f3 um mundo feito de p\u00e1trias humanas, n\u00e3o de imp\u00e9rios digitais, merece ser chamado de civiliza\u00e7\u00e3o.<\/div>\n<\/div>\n<div class=\"x14z9mp xat24cr x1lziwak x1vvkbs xtlvy1s x126k92a\">\n<div dir=\"auto\">A tarefa que nos cabe \u00e9 antiga como Caim e Abel: lutar contra a explora\u00e7\u00e3o que mata o corpo e a aliena\u00e7\u00e3o que aniquila a alma. Enquanto houver um s\u00f3 homem que levante a cabe\u00e7a e pergunte \u201cpor qu\u00ea?\u201d, a chama n\u00e3o se apagar\u00e1. N\u00e3o por um mundo de m\u00e1quinas perfeitas, mas por um mundo de homens imperfeitos, livres, iguais em dignidade, donos de seu suor e de seu sonho.<\/div>\n<\/div>\n<div class=\"x14z9mp xat24cr x1lziwak x1vvkbs xtlvy1s x126k92a\">\n<div dir=\"auto\">Tanto trabalhador na car\u00eancia numa sociedade que se quer fina e rica. Ele constr\u00f3i a casa que n\u00e3o habita e habita a falta que n\u00e3o construiu. A reforma \u00e9 um eco do sal\u00e1rio, a car\u00eancia a parede que lhe cai em cima. E a a p\u00e1tria, que lhe chama &#8216;cota&#8217;, esquece que foi ele quem a ergueu.<\/div>\n<\/div>\n<div class=\"x14z9mp xat24cr x1lziwak x1vvkbs xtlvy1s x126k92a\">\n<div dir=\"auto\"><strong>Ant\u00f3nio da Cunha Duarte Justo<\/strong><\/div>\n<\/div>\n<p>Pegadas do Tempo<\/p>\n","protected":false},"excerpt":{"rendered":"<p>Era uma vez um mundo que trocou as m\u00e3os calejadas por dedos de a\u00e7o, os suspiros dos cansados pelo zumbido infal\u00edvel das m\u00e1quinas. Hoje, no primeiro dia de maio, os sinos dobram, mas n\u00e3o celebram porque o seu tocar parece de lamento. Soam por aqueles que ainda se chamam trabalhadores, embora o trabalho j\u00e1 n\u00e3o &hellip; <a href=\"https:\/\/antonio-justo.eu\/?p=10924\" class=\"more-link\">Continuar a ler <span class=\"screen-reader-text\">1.\u00ba DE MAIO: O DIA EM QUE AS M\u00c1QUINAS CHORAM POR N\u00d3S<\/span><\/a><\/p>\n","protected":false},"author":1,"featured_media":0,"comment_status":"open","ping_status":"open","sticky":false,"template":"","format":"standard","meta":{"sfsi_plus_gutenberg_text_before_share":"","sfsi_plus_gutenberg_show_text_before_share":"","sfsi_plus_gutenberg_icon_type":"","sfsi_plus_gutenberg_icon_alignemt":"","sfsi_plus_gutenburg_max_per_row":"","footnotes":""},"categories":[3,15,14,4,5,6,7,8,16],"tags":[],"class_list":["post-10924","post","type-post","status-publish","format-standard","hentry","category-arte","category-cultura","category-economia","category-educacao","category-escola","category-migracao","category-politica","category-religiao","category-sociedade"],"_links":{"self":[{"href":"https:\/\/antonio-justo.eu\/index.php?rest_route=\/wp\/v2\/posts\/10924","targetHints":{"allow":["GET"]}}],"collection":[{"href":"https:\/\/antonio-justo.eu\/index.php?rest_route=\/wp\/v2\/posts"}],"about":[{"href":"https:\/\/antonio-justo.eu\/index.php?rest_route=\/wp\/v2\/types\/post"}],"author":[{"embeddable":true,"href":"https:\/\/antonio-justo.eu\/index.php?rest_route=\/wp\/v2\/users\/1"}],"replies":[{"embeddable":true,"href":"https:\/\/antonio-justo.eu\/index.php?rest_route=%2Fwp%2Fv2%2Fcomments&post=10924"}],"version-history":[{"count":3,"href":"https:\/\/antonio-justo.eu\/index.php?rest_route=\/wp\/v2\/posts\/10924\/revisions"}],"predecessor-version":[{"id":10927,"href":"https:\/\/antonio-justo.eu\/index.php?rest_route=\/wp\/v2\/posts\/10924\/revisions\/10927"}],"wp:attachment":[{"href":"https:\/\/antonio-justo.eu\/index.php?rest_route=%2Fwp%2Fv2%2Fmedia&parent=10924"}],"wp:term":[{"taxonomy":"category","embeddable":true,"href":"https:\/\/antonio-justo.eu\/index.php?rest_route=%2Fwp%2Fv2%2Fcategories&post=10924"},{"taxonomy":"post_tag","embeddable":true,"href":"https:\/\/antonio-justo.eu\/index.php?rest_route=%2Fwp%2Fv2%2Ftags&post=10924"}],"curies":[{"name":"wp","href":"https:\/\/api.w.org\/{rel}","templated":true}]}}