{"id":10917,"date":"2026-04-29T22:46:12","date_gmt":"2026-04-29T21:46:12","guid":{"rendered":"https:\/\/antonio-justo.eu\/?p=10917"},"modified":"2026-04-29T22:46:12","modified_gmt":"2026-04-29T21:46:12","slug":"a-festa-da-maia","status":"publish","type":"post","link":"https:\/\/antonio-justo.eu\/?p=10917","title":{"rendered":"A FESTA DA MAIA"},"content":{"rendered":"<p>A Festa da Maia, celebrada em v\u00e1rias regi\u00f5es de Portugal na noite de 30 de abril para 1 de maio, \u00e9 uma dessas tradi\u00e7\u00f5es em que o tempo parece sobrepor camadas de sentido, pag\u00e3o, crist\u00e3o, rural, sem nunca perder o seu car\u00e1ter profundamente comunit\u00e1rio e simb\u00f3lico.<\/p>\n<p>As suas origens perdem-se em tempos remotos, muito anteriores \u00e0 cristianiza\u00e7\u00e3o da Pen\u00ednsula Ib\u00e9rica. A Maia est\u00e1 intimamente ligada aos antigos rituais de celebra\u00e7\u00e3o da primavera, marcando a renova\u00e7\u00e3o da vida, o despertar da terra e a promessa de fertilidade. Tal como outras festividades europeias associadas ao m\u00eas de maio, evoca a transi\u00e7\u00e3o do inverno para uma esta\u00e7\u00e3o de abund\u00e2ncia, luz e crescimento. O pr\u00f3prio nome poder\u00e1 estar associado \u00e0 deusa Maia da tradi\u00e7\u00e3o cl\u00e1ssica, s\u00edmbolo de fecundidade, ou simplesmente ao m\u00eas que anuncia a plenitude da natureza.<\/p>\n<p>Com a expans\u00e3o do cristianismo, estas pr\u00e1ticas n\u00e3o desapareceram, mas foram reinterpretadas. A tradi\u00e7\u00e3o popular portuguesa integrou elementos crist\u00e3os, dando-lhes novos significados. Uma das narrativas mais difundidas, \u00a0como bem recordo da minha mem\u00f3ria de inf\u00e2ncia em Arouca, associa as \u201cmaias\u201d \u00e0 prote\u00e7\u00e3o da Sagrada Fam\u00edlia durante a fuga para o Egipto. Segundo a cren\u00e7a, a coloca\u00e7\u00e3o de ramos de giesta amarela (ou outras flores silvestres) nas portas e janelas serviria para enganar ou afastar perseguidores, impedindo-os de identificar a casa onde Jesus se teria escondido. Assim, um gesto de origem agr\u00e1ria e simb\u00f3lica passou a ser tamb\u00e9m um ato de devo\u00e7\u00e3o e prote\u00e7\u00e3o.<\/p>\n<p>No entanto, para al\u00e9m desta leitura crist\u00e3, persistem tra\u00e7os claros de antigas supersti\u00e7\u00f5es. A noite de 30 de abril era vista como um momento liminar, carregado de for\u00e7as invis\u00edveis. Acreditava-se que esp\u00edritos malignos, bruxas ou energias negativas vagueavam nesse per\u00edodo de transi\u00e7\u00e3o. As maias, \u00a0especialmente a giesta, funcionavam ent\u00e3o como um amuleto protetor, afastando o mal e garantindo sa\u00fade, prosperidade e fertilidade para o lar e para os campos.<\/p>\n<p>A escolha da giesta n\u00e3o \u00e9 inocente. A sua cor amarela intensa evoca o sol e a luz, s\u00edmbolos universais de vida e prote\u00e7\u00e3o. Al\u00e9m disso, floresce precisamente nesta \u00e9poca do ano, tornando-se um elemento natural acess\u00edvel e carregado de significado. Em muitas aldeias, era comum tamb\u00e9m enfeitar fontes, currais e campos, num gesto que transcendia o espa\u00e7o dom\u00e9stico e abarcava toda a comunidade.<\/p>\n<p>A Festa da Maia \u00e9, assim, um testemunho vivo da capacidade das tradi\u00e7\u00f5es populares de integrar diferentes camadas culturais. Entre a devo\u00e7\u00e3o crist\u00e3 e os rituais ancestrais da fertilidade, entre a mem\u00f3ria coletiva e a experi\u00eancia individual, mant\u00e9m-se como um elo com a terra, com o ciclo das esta\u00e7\u00f5es e com um imagin\u00e1rio onde o sagrado e o m\u00e1gico coexistem naturalmente.<\/p>\n<p>Hoje, mesmo com a vida moderna a afastar-nos dos ritmos rurais, o simples gesto de colocar uma maia \u00e0 porta continua a carregar esse patrim\u00f3nio invis\u00edvel, \u00a0um sinal de prote\u00e7\u00e3o, um eco da primavera, uma ponte entre o passado e o presente que nos transmite a alegria e uma oportunidade de festejar!<\/p>\n<p><strong>Ant\u00f3nio da Cunha Duarte Justo<\/strong><\/p>\n<p>Pegadas do Tempo<\/p>\n","protected":false},"excerpt":{"rendered":"<p>A Festa da Maia, celebrada em v\u00e1rias regi\u00f5es de Portugal na noite de 30 de abril para 1 de maio, \u00e9 uma dessas tradi\u00e7\u00f5es em que o tempo parece sobrepor camadas de sentido, pag\u00e3o, crist\u00e3o, rural, sem nunca perder o seu car\u00e1ter profundamente comunit\u00e1rio e simb\u00f3lico. As suas origens perdem-se em tempos remotos, muito anteriores &hellip; <a href=\"https:\/\/antonio-justo.eu\/?p=10917\" class=\"more-link\">Continuar a ler <span class=\"screen-reader-text\">A FESTA DA MAIA<\/span><\/a><\/p>\n","protected":false},"author":1,"featured_media":0,"comment_status":"open","ping_status":"open","sticky":false,"template":"","format":"standard","meta":{"sfsi_plus_gutenberg_text_before_share":"","sfsi_plus_gutenberg_show_text_before_share":"","sfsi_plus_gutenberg_icon_type":"","sfsi_plus_gutenberg_icon_alignemt":"","sfsi_plus_gutenburg_max_per_row":"","footnotes":""},"categories":[15,8,16],"tags":[],"class_list":["post-10917","post","type-post","status-publish","format-standard","hentry","category-cultura","category-religiao","category-sociedade"],"_links":{"self":[{"href":"https:\/\/antonio-justo.eu\/index.php?rest_route=\/wp\/v2\/posts\/10917","targetHints":{"allow":["GET"]}}],"collection":[{"href":"https:\/\/antonio-justo.eu\/index.php?rest_route=\/wp\/v2\/posts"}],"about":[{"href":"https:\/\/antonio-justo.eu\/index.php?rest_route=\/wp\/v2\/types\/post"}],"author":[{"embeddable":true,"href":"https:\/\/antonio-justo.eu\/index.php?rest_route=\/wp\/v2\/users\/1"}],"replies":[{"embeddable":true,"href":"https:\/\/antonio-justo.eu\/index.php?rest_route=%2Fwp%2Fv2%2Fcomments&post=10917"}],"version-history":[{"count":1,"href":"https:\/\/antonio-justo.eu\/index.php?rest_route=\/wp\/v2\/posts\/10917\/revisions"}],"predecessor-version":[{"id":10918,"href":"https:\/\/antonio-justo.eu\/index.php?rest_route=\/wp\/v2\/posts\/10917\/revisions\/10918"}],"wp:attachment":[{"href":"https:\/\/antonio-justo.eu\/index.php?rest_route=%2Fwp%2Fv2%2Fmedia&parent=10917"}],"wp:term":[{"taxonomy":"category","embeddable":true,"href":"https:\/\/antonio-justo.eu\/index.php?rest_route=%2Fwp%2Fv2%2Fcategories&post=10917"},{"taxonomy":"post_tag","embeddable":true,"href":"https:\/\/antonio-justo.eu\/index.php?rest_route=%2Fwp%2Fv2%2Ftags&post=10917"}],"curies":[{"name":"wp","href":"https:\/\/api.w.org\/{rel}","templated":true}]}}