{"id":10857,"date":"2026-03-17T23:19:10","date_gmt":"2026-03-17T22:19:10","guid":{"rendered":"https:\/\/antonio-justo.eu\/?p=10857"},"modified":"2026-03-18T00:27:20","modified_gmt":"2026-03-17T23:27:20","slug":"a-minha-mae-rosa-do-meu-jardim","status":"publish","type":"post","link":"https:\/\/antonio-justo.eu\/?p=10857","title":{"rendered":"\u00c0 MINHA M\u00c3E ROSA DO MEU JARDIM"},"content":{"rendered":"<p>N\u00e3o por seres minha m\u00e3e, mas por quem eras:<br \/>\nChamavas-te Rosa, a mais bela flor do meu jardim.<br \/>\nPartiste humilde e serena, como quem afaga a vida,<br \/>\nEntregaste a alma a Deus na paz da f\u00e9 vivida.<\/p>\n<p>Eras amiga de todos, e em ti todos confiavam,<br \/>\nPo\u00e7o fundo que guardava tudo, em sil\u00eancio.<br \/>\n\u00c1guas puras onde nunca lavaste impurezas,<br \/>\nNem as tuas, nem as do mundo, apenas as guardavas.<\/p>\n<p>Tiveste a presen\u00e7a inteira de quem cr\u00ea na vida,<br \/>\nAntes e depois da morte, sem medo da passagem.<br \/>\nObrigado, m\u00e3e, por esse olhar que n\u00e3o se fecha.<br \/>\nObrigado por servires, e nesse servi\u00e7o, seres feliz.<br \/>\nObrigado por dares ao mundo, em flor,<br \/>\nQuatro rosas e nove cravos, semente de amor.<\/p>\n<p>Eu sigo contigo, sabendo que a cultura \u00e9 uma ponte,<br \/>\nUm jeito de fugir \u00e0 morte, de a adiar.<br \/>\nVamos todos irmanados, a caminho da eternidade,<br \/>\nAndando devagar, sem pressa de chegar.<\/p>\n<p>Este \u00e9 um momento de gratid\u00e3o e de esperan\u00e7a.<br \/>\nMinha m\u00e3e viveu com Deus, morreu em Deus,<br \/>\nSempre em esp\u00edrito de servi\u00e7o, porque sabia:<br \/>\nO &#8220;eu&#8221; s\u00f3 se faz no &#8220;n\u00f3s&#8221;. E f\u00ea-lo porque era boa.<br \/>\nN\u00e3o se desculpava com a vida, aceitava-a como d\u00e1diva.<br \/>\nE foi assim, an\u00f3nima e santa, que nos ensinou a viver.<br \/>\n<strong>Ant\u00f3nio da Cunha Duarte Justo<\/strong><br \/>\nPegadas do Tempo<br \/>\nPS. Fiz esta poesia num dia de nevoeiro, numa hora em que a alma precisava de \u00e2ncoras e ent\u00e3o procurei-te. Precisava de ti, do teu sorrir que erguia a alma. E eis que, como se a tua m\u00e3o me guiasse, o nevoeiro que me envolvia se dissipou para dar lugar ao teu sorriso que agora guardo nestas palavras, neste poema que \u00e9 teu. Quando duas almas se encontram a caminho, na admira\u00e7\u00e3o do que \u00e9 belo, simples e verdadeiro, a linguagem deixa de ser um instrumento e passa a ser uma viv\u00eancia comum, Obrigado m\u00e3e e alegra-me ver que este meu louvor \u00e9 tamb\u00e9m o eco da poesia que plantaste em teus filhos, como tu bem sabes e observas. Em ti tamb\u00e9m um um agradecimento a todas m\u00e3es que guardam em seu seio o sorrir do futuro.<\/p>\n","protected":false},"excerpt":{"rendered":"<p>N\u00e3o por seres minha m\u00e3e, mas por quem eras: Chamavas-te Rosa, a mais bela flor do meu jardim. Partiste humilde e serena, como quem afaga a vida, Entregaste a alma a Deus na paz da f\u00e9 vivida. Eras amiga de todos, e em ti todos confiavam, Po\u00e7o fundo que guardava tudo, em sil\u00eancio. \u00c1guas puras &hellip; <a href=\"https:\/\/antonio-justo.eu\/?p=10857\" class=\"more-link\">Continuar a ler <span class=\"screen-reader-text\">\u00c0 MINHA M\u00c3E ROSA DO MEU JARDIM<\/span><\/a><\/p>\n","protected":false},"author":1,"featured_media":0,"comment_status":"open","ping_status":"open","sticky":false,"template":"","format":"standard","meta":{"sfsi_plus_gutenberg_text_before_share":"","sfsi_plus_gutenberg_show_text_before_share":"","sfsi_plus_gutenberg_icon_type":"","sfsi_plus_gutenberg_icon_alignemt":"","sfsi_plus_gutenburg_max_per_row":"","footnotes":""},"categories":[3,15,4,16],"tags":[],"class_list":["post-10857","post","type-post","status-publish","format-standard","hentry","category-arte","category-cultura","category-educacao","category-sociedade"],"_links":{"self":[{"href":"https:\/\/antonio-justo.eu\/index.php?rest_route=\/wp\/v2\/posts\/10857","targetHints":{"allow":["GET"]}}],"collection":[{"href":"https:\/\/antonio-justo.eu\/index.php?rest_route=\/wp\/v2\/posts"}],"about":[{"href":"https:\/\/antonio-justo.eu\/index.php?rest_route=\/wp\/v2\/types\/post"}],"author":[{"embeddable":true,"href":"https:\/\/antonio-justo.eu\/index.php?rest_route=\/wp\/v2\/users\/1"}],"replies":[{"embeddable":true,"href":"https:\/\/antonio-justo.eu\/index.php?rest_route=%2Fwp%2Fv2%2Fcomments&post=10857"}],"version-history":[{"count":2,"href":"https:\/\/antonio-justo.eu\/index.php?rest_route=\/wp\/v2\/posts\/10857\/revisions"}],"predecessor-version":[{"id":10859,"href":"https:\/\/antonio-justo.eu\/index.php?rest_route=\/wp\/v2\/posts\/10857\/revisions\/10859"}],"wp:attachment":[{"href":"https:\/\/antonio-justo.eu\/index.php?rest_route=%2Fwp%2Fv2%2Fmedia&parent=10857"}],"wp:term":[{"taxonomy":"category","embeddable":true,"href":"https:\/\/antonio-justo.eu\/index.php?rest_route=%2Fwp%2Fv2%2Fcategories&post=10857"},{"taxonomy":"post_tag","embeddable":true,"href":"https:\/\/antonio-justo.eu\/index.php?rest_route=%2Fwp%2Fv2%2Ftags&post=10857"}],"curies":[{"name":"wp","href":"https:\/\/api.w.org\/{rel}","templated":true}]}}