{"id":10686,"date":"2026-01-29T12:22:25","date_gmt":"2026-01-29T11:22:25","guid":{"rendered":"https:\/\/antonio-justo.eu\/?p=10686"},"modified":"2026-01-29T12:22:25","modified_gmt":"2026-01-29T11:22:25","slug":"portugal-em-voz-baixa","status":"publish","type":"post","link":"https:\/\/antonio-justo.eu\/?p=10686","title":{"rendered":"PORTUGAL EM VOZ BAIXA"},"content":{"rendered":"<p>Falaram-nos de p\u00e1tria, de abril e de estado<br \/>\ncomo quem ensina um hino<br \/>\nsem nunca explicar a letra.<br \/>\nExigiram-nos credo, n\u00e3o pensamento,<br \/>\num verso decorado, n\u00e3o um poema.<br \/>\nExigiram cart\u00e3o, n\u00e3o consci\u00eancia,<br \/>\num retrato sem rosto, uma assinatura sem nome.<br \/>\nExigiram modos em fila, n\u00e3o perguntas<br \/>\numa geometria de ombros curvados,<br \/>\num caminho que n\u00e3o se bifurca.<\/p>\n<p>Assim cresceu um pa\u00eds de vozes baixas,<br \/>\nonde pensar d\u00f3i e discordar cansa.<br \/>\nUm povo treinado para escolher lados<br \/>\npara a cor da divisa, mas n\u00e3o rumos,<br \/>\nbom para defender cores<br \/>\nmesmo quando a tela apodrece.<\/p>\n<p>O poder aprendeu cedo<br \/>\nque n\u00e3o precisava de censura,<br \/>\nbastava h\u00e1bito.<br \/>\nBastava chamar lealdade \u00e0 obedi\u00eancia,<br \/>\nresponsabilidade ao sil\u00eancio<br \/>\nseguran\u00e7a ao medo de mudar.<\/p>\n<p>E o pa\u00eds foi-se habituando.<\/p>\n<p>E n\u00f3s, cansados,<br \/>\naceit\u00e1mos o roubo pequeno<br \/>\ncomo defesa do roubo grande,<br \/>\na esperteza como virtude,<br \/>\no, \u201cpaci\u00eancia, que rem\u00e9dio\u201d<br \/>\ncomo filosofia nacional.<br \/>\nLadr\u00e3o que rouba a ladr\u00e3o<br \/>\ndescansa melhor \u00e0 noite<br \/>\ndisseram-nos sempre<br \/>\ne o pa\u00eds foi-se deitando.<\/p>\n<p>Nos corredores onde o tempo n\u00e3o entra<br \/>\ncirculam os mesmos nomes,<br \/>\nas mesmas caras recicladas,<br \/>\nos mesmos discursos com gravata nova.<br \/>\nMudam de lugar, n\u00e3o de inten\u00e7\u00e3o.<br \/>\nTemem o intruso n\u00e3o porque grite,<br \/>\nmas porque n\u00e3o deve favores<br \/>\nnem aprende o jeito certo de calar.<\/p>\n<p>Chamam democracia<br \/>\na um consenso viciado,<br \/>\npluralismo a um coro afinado,<br \/>\ndebate a um teatro onde o final<br \/>\nda pe\u00e7a j\u00e1 foi ensaiado e escrito.<\/p>\n<p>E o povo foi treinado na espera!<br \/>\nO povo espera porque trabalha,<br \/>\nO povo espera porque envelhece,<br \/>\nO povo espera porque lhe disseram<br \/>\nque pensar \u00e9 perigoso e mudar \u00e9 radical.<\/p>\n<p>Mas h\u00e1 um cansa\u00e7o novo no ar.<br \/>\nUm sil\u00eancio diferente a crescer.<br \/>\nN\u00e3o o da resigna\u00e7\u00e3o,<br \/>\nmas o da pergunta que amadurece.<\/p>\n<p>Talvez a rutura n\u00e3o venha<br \/>\ncomo grito, mas como recusa.<br \/>\nRecusa em fingir,<br \/>\nRecusa em alinhar,<br \/>\nRecusa em perdoar tudo<br \/>\nem nome do medo e da paz podre.<\/p>\n<p>Talvez o primeiro gesto livre<br \/>\nseja olhar este pa\u00eds sem slogans<br \/>\ne perguntar, com voz inteira:<br \/>\nquem somos n\u00f3s, para al\u00e9m daquilo<br \/>\nque nos ensinaram a repetir?<\/p>\n<p>Porque um povo n\u00e3o se perde<br \/>\nquando erra ou falha.<br \/>\nPerde-se, sim,<br \/>\nquando deixa de pensar.<\/p>\n<p>E pensar, hoje, faz doer<br \/>\nmas \u00e9 o ato mais revolucion\u00e1rio<br \/>\nque ainda nos resta.<\/p>\n<p><strong>Ant\u00f3nio da Cunha Duarte Justo<\/strong><\/p>\n<p>Pegadas do Tempo<\/p>\n","protected":false},"excerpt":{"rendered":"<p>Falaram-nos de p\u00e1tria, de abril e de estado como quem ensina um hino sem nunca explicar a letra. Exigiram-nos credo, n\u00e3o pensamento, um verso decorado, n\u00e3o um poema. Exigiram cart\u00e3o, n\u00e3o consci\u00eancia, um retrato sem rosto, uma assinatura sem nome. Exigiram modos em fila, n\u00e3o perguntas uma geometria de ombros curvados, um caminho que n\u00e3o &hellip; <a href=\"https:\/\/antonio-justo.eu\/?p=10686\" class=\"more-link\">Continuar a ler <span class=\"screen-reader-text\">PORTUGAL EM VOZ BAIXA<\/span><\/a><\/p>\n","protected":false},"author":1,"featured_media":0,"comment_status":"open","ping_status":"open","sticky":false,"template":"","format":"standard","meta":{"sfsi_plus_gutenberg_text_before_share":"","sfsi_plus_gutenberg_show_text_before_share":"","sfsi_plus_gutenberg_icon_type":"","sfsi_plus_gutenberg_icon_alignemt":"","sfsi_plus_gutenburg_max_per_row":"","footnotes":""},"categories":[3,15,14,4,5,7,8,16],"tags":[],"class_list":["post-10686","post","type-post","status-publish","format-standard","hentry","category-arte","category-cultura","category-economia","category-educacao","category-escola","category-politica","category-religiao","category-sociedade"],"_links":{"self":[{"href":"https:\/\/antonio-justo.eu\/index.php?rest_route=\/wp\/v2\/posts\/10686","targetHints":{"allow":["GET"]}}],"collection":[{"href":"https:\/\/antonio-justo.eu\/index.php?rest_route=\/wp\/v2\/posts"}],"about":[{"href":"https:\/\/antonio-justo.eu\/index.php?rest_route=\/wp\/v2\/types\/post"}],"author":[{"embeddable":true,"href":"https:\/\/antonio-justo.eu\/index.php?rest_route=\/wp\/v2\/users\/1"}],"replies":[{"embeddable":true,"href":"https:\/\/antonio-justo.eu\/index.php?rest_route=%2Fwp%2Fv2%2Fcomments&post=10686"}],"version-history":[{"count":1,"href":"https:\/\/antonio-justo.eu\/index.php?rest_route=\/wp\/v2\/posts\/10686\/revisions"}],"predecessor-version":[{"id":10687,"href":"https:\/\/antonio-justo.eu\/index.php?rest_route=\/wp\/v2\/posts\/10686\/revisions\/10687"}],"wp:attachment":[{"href":"https:\/\/antonio-justo.eu\/index.php?rest_route=%2Fwp%2Fv2%2Fmedia&parent=10686"}],"wp:term":[{"taxonomy":"category","embeddable":true,"href":"https:\/\/antonio-justo.eu\/index.php?rest_route=%2Fwp%2Fv2%2Fcategories&post=10686"},{"taxonomy":"post_tag","embeddable":true,"href":"https:\/\/antonio-justo.eu\/index.php?rest_route=%2Fwp%2Fv2%2Ftags&post=10686"}],"curies":[{"name":"wp","href":"https:\/\/api.w.org\/{rel}","templated":true}]}}