{"id":10679,"date":"2026-01-27T23:46:20","date_gmt":"2026-01-27T22:46:20","guid":{"rendered":"https:\/\/antonio-justo.eu\/?p=10679"},"modified":"2026-01-28T11:07:26","modified_gmt":"2026-01-28T10:07:26","slug":"presidenciais-sob-tensao-alta-um-levantamento-da-situacao","status":"publish","type":"post","link":"https:\/\/antonio-justo.eu\/?p=10679","title":{"rendered":"PRESIDENCIAIS EM ALTA TENS\u00c3O: AN\u00c1LISE DO CEN\u00c1RIO POL\u00cdTICO"},"content":{"rendered":"<p style=\"text-align: center;\"><strong>Esquerda defensora do poder adquirido e Direita dividida<\/strong><\/p>\n<p><strong>A candidatura presidencial de Andr\u00e9 Ventura, pelo partido CHEGA, coloca em evid\u00eancia quest\u00f5es estruturais sobre o funcionamento da democracia portuguesa e a qualidade do debate pol\u00edtico contempor\u00e2neo. O seu discurso, centrado no combate \u00e0 corrup\u00e7\u00e3o, no refor\u00e7o da autoridade do Estado e na cr\u00edtica ao sistema partid\u00e1rio dominante, procura canalizar o descontentamento popular resultante de falhas governativas e de sucessivos casos que fragilizaram a confian\u00e7a nas institui\u00e7\u00f5es. Tamb\u00e9m na Uni\u00e3o Europeia, durante campanhas se faziam acusa\u00e7\u00f5es semelhantes a Meloni; Giorgia Meloni foi repetidamente rotulada como antieuropeia, neofascista e nacionalista, entre outros ep\u00edtetos marcados pelo preconceito e pela ret\u00f3rica do poder. No exerc\u00edcio do governo, por\u00e9m, Meloni desmentiu essas narrativas, revelando-se uma l\u00edder ponderada e uma defensora consistente dos interesses europeus.<\/strong><\/p>\n<p>Importa enquadrar esta candidatura num debate democr\u00e1tico verdadeiramente aberto, evitando tanto a normaliza\u00e7\u00e3o acr\u00edtica como a demoniza\u00e7\u00e3o aprior\u00edstica de atores pol\u00edticos. <strong>O debate p\u00fablico at\u00e9 agora conduzido tem sido indigno de uma democracia adulta, independente da op\u00e7\u00e3o por um candidato ou por outro.<\/strong>\u00a0<strong>A tend\u00eancia para classificar candidatos como &#8220;antidemocr\u00e1ticos&#8221; apenas por se oporem ao bloco pol\u00edtico dominante empobrece o espa\u00e7o p\u00fablico e contradiz o princ\u00edpio fundamental da soberania popular.<\/strong> Num regime democr\u00e1tico, a cr\u00edtica ao poder institu\u00eddo e a possibilidade de altern\u00e2ncia pol\u00edtica n\u00e3o constituem amea\u00e7as \u00e0 democracia; pelo contr\u00e1rio, s\u00e3o, express\u00f5es do seu funcionamento regular.<\/p>\n<p style=\"text-align: center;\"><strong>O peso da hist\u00f3ria e a hegemonia discursiva<\/strong><\/p>\n<p>A hist\u00f3ria pol\u00edtica portuguesa revela dificuldades persistentes na constru\u00e7\u00e3o de um debate verdadeiramente plural. <strong>Desde a repress\u00e3o ideol\u00f3gica pr\u00e9-1974 at\u00e9 \u00e0 hegemonia discursiva consolidada no per\u00edodo democr\u00e1tico, verificam-se continuidades que merecem reflex\u00e3o cr\u00edtica. Neste contexto, a emerg\u00eancia de candidaturas disruptivas (que rompem com o status quo e o tom pol\u00edtico socialista) pode ser interpretada menos como perigo sist\u00e9mico e mais como sintoma das tens\u00f5es entre o poder institucionalizado e setores da sociedade que se sentem exclu\u00eddos do processo pol\u00edtico.<\/strong><\/p>\n<p><strong>O debate contempor\u00e2neo \u00e9 profundamente influenciado pelas formas de comunica\u00e7\u00e3o e pelo enquadramento dos discursos que moldam a interpreta\u00e7\u00e3o da realidade social.<\/strong> Tanto em Portugal como noutros contextos europeus, observa-se a utiliza\u00e7\u00e3o sistem\u00e1tica de estrat\u00e9gias comunicacionais baseadas na sele\u00e7\u00e3o e hierarquiza\u00e7\u00e3o de conceitos, na \u00eanfase atribu\u00edda a determinadas express\u00f5es e na sua inser\u00e7\u00e3o em narrativas espec\u00edficas. <strong>Este fen\u00f3meno condiciona a perce\u00e7\u00e3o p\u00fablica e contribui para a consolida\u00e7\u00e3o de um clima de desconfian\u00e7a generalizada, com impactos negativos na qualidade do di\u00e1logo democr\u00e1tico.<\/strong><\/p>\n<p style=\"text-align: center;\"><strong>Exig\u00eancias institucionais e fragmenta\u00e7\u00e3o pol\u00edtica<\/strong><\/p>\n<p>A elei\u00e7\u00e3o presidencial decorre num momento de elevada exig\u00eancia institucional. O pr\u00f3ximo Presidente da Rep\u00fablica enfrentar\u00e1 um contexto complexo, marcado por fragmenta\u00e7\u00e3o parlamentar e desafios internacionais significativos. <strong>Quest\u00f5es como o alinhamento militar de Portugal no quadro europeu, as rela\u00e7\u00f5es com os pa\u00edses de l\u00edngua portuguesa e o posicionamento numa geopol\u00edtica crescentemente multipolar exigem reflex\u00e3o estrat\u00e9gica aprofundada (a sua aus\u00eancia do discurso pol\u00edtico revela que Portugal perdeu a consci\u00eancia hist\u00f3rica europeia e a sua voca\u00e7\u00e3o mar\u00edtima que deveria pressupor maior empenho\u00a0 nas rela\u00e7\u00f5es com as antigas col\u00f3nias e na perspetiva geopol\u00edtica o envolvimento mediador \u00a0nos interesses do Ocidente e dos BRICS).<\/strong><\/p>\n<p>Neste enquadramento, \u00e9 leg\u00edtimo defender que o cargo requer experi\u00eancia pol\u00edtica, sentido de Estado e capacidade de media\u00e7\u00e3o, \u00a0atributos tradicionalmente associados a uma conce\u00e7\u00e3o moderadora da fun\u00e7\u00e3o presidencial<strong>. Contudo, a delimita\u00e7\u00e3o do campo democr\u00e1tico \u00e0 presen\u00e7a socialista levanta quest\u00f5es relevantes quanto aos crit\u00e9rios que se t\u00eam usado contra a legitimidade da candidatura de Ventura.<\/strong><\/p>\n<p style=\"text-align: center;\"><strong>Os limites do discurso de exclus\u00e3o<\/strong><\/p>\n<p><strong>A oposi\u00e7\u00e3o estabelecida entre &#8220;democracia moderada&#8221; e &#8220;extremismo&#8221; pressup\u00f5e uma defini\u00e7\u00e3o normativa de democracia que tende a excluir, \u00e0 partida, candidaturas posicionadas fora do eixo pol\u00edtico dominante.<\/strong> <strong>Classificar determinados candidatos como intrinsecamente antidemocr\u00e1ticos, sem que tenham efetivamente violado mecanismos constitucionais, contribui para um empobrecimento do debate p\u00fablico e para a transforma\u00e7\u00e3o da democracia num sistema de legitima\u00e7\u00e3o restrita, mais centrado na preserva\u00e7\u00e3o do poder institu\u00eddo do que na soberania popular.<\/strong><\/p>\n<p>\u00c9 reconhecido o consenso hist\u00f3rico em torno da altern\u00e2ncia entre PS e PSD e os ganhos substanciais alcan\u00e7ados desde o 25 de Abril em termos de liberdade pol\u00edtica e desenvolvimento econ\u00f3mico. Esses progressos s\u00e3o ineg\u00e1veis e devem ser preservados. No entanto, a associa\u00e7\u00e3o quase exclusiva desses avan\u00e7os a dois partidos tende a desvalorizar din\u00e2micas sociais mais amplas e a ignorar que a legitimidade democr\u00e1tica n\u00e3o \u00e9 permanente, devendo ser continuamente renovada atrav\u00e9s da confian\u00e7a dos eleitores.<\/p>\n<p>O argumento de que &#8220;os mesmos governam porque s\u00e3o eleitos&#8221; \u00e9 formalmente correto, mas n\u00e3o elimina a possibilidade de desgaste pol\u00edtico, falhas estruturais ou d\u00e9fices de representa\u00e7\u00e3o. <strong>Uma democracia saud\u00e1vel exige autocr\u00edtica permanente e abertura \u00e0 renova\u00e7\u00e3o.<\/strong><\/p>\n<p style=\"text-align: center;\"><strong>Corrup\u00e7\u00e3o: entre demagogia e exig\u00eancia leg\u00edtima<\/strong><\/p>\n<p>A rejei\u00e7\u00e3o da centralidade do tema da corrup\u00e7\u00e3o no debate pol\u00edtico merece enquadramento equilibrado. Embora seja excessivo reduzir cinquenta anos de democracia a pr\u00e1ticas corruptas, a recorr\u00eancia de casos medi\u00e1ticos e a perce\u00e7\u00e3o p\u00fablica de impunidade n\u00e3o podem ser descartadas como meramente demag\u00f3gicas. <strong>A exig\u00eancia de maior efic\u00e1cia do sistema judicial e de refor\u00e7o da transpar\u00eancia institucional n\u00e3o implica, por si s\u00f3, um ataque ao regime democr\u00e1tico, pelo contr\u00e1rio, constitui uma tentativa de o aprofundar.<\/strong><\/p>\n<p style=\"text-align: center;\"><strong>Para al\u00e9m do fantasma autorit\u00e1rio<\/strong><\/p>\n<p>A evoca\u00e7\u00e3o do passado autorit\u00e1rio como horizonte impl\u00edcito de qualquer rutura pol\u00edtica constitui um argumento de forte carga simb\u00f3lica, mas discut\u00edvel do ponto de vista anal\u00edtico. <strong>A cr\u00edtica ao funcionamento do sistema democr\u00e1tico n\u00e3o equivale \u00e0 rejei\u00e7\u00e3o da democracia enquanto regime, nem implica um desejo de regress\u00e3o hist\u00f3rica. Uma sociedade democraticamente madura deve ser capaz de integrar discursos cr\u00edticos sem os reduzir automaticamente a amea\u00e7as existenciais.<\/strong><\/p>\n<p>Assentar o discurso exclusivamente na estabilidade institucional e na modera\u00e7\u00e3o como valores centrais corre o risco de confundir a defesa da democracia com a defesa de um determinado equil\u00edbrio partid\u00e1rio. Um debate democr\u00e1tico aberto exige distinguir entre riscos reais ao regime constitucional e a leg\u00edtima contesta\u00e7\u00e3o pol\u00edtica num contexto de pluralismo e soberania popular.<\/p>\n<p>A democracia portuguesa n\u00e3o est\u00e1 em perigo pela exist\u00eancia de vozes cr\u00edticas e de rupuras de padr\u00f5es que rompem com o status quo. O verdadeiro risco reside na incapacidade de promover um debate plural, rigoroso e respeitador da dignidade de todos os intervenientes, condi\u00e7\u00e3o essencial para a vitalidade de qualquer regime verdadeiramente democr\u00e1tico.<\/p>\n<p><strong>Ant\u00f3nio da Cunha Duarte Justo <\/strong><\/p>\n<p>Pegadas do tempo<\/p>\n","protected":false},"excerpt":{"rendered":"<p>Esquerda defensora do poder adquirido e Direita dividida A candidatura presidencial de Andr\u00e9 Ventura, pelo partido CHEGA, coloca em evid\u00eancia quest\u00f5es estruturais sobre o funcionamento da democracia portuguesa e a qualidade do debate pol\u00edtico contempor\u00e2neo. O seu discurso, centrado no combate \u00e0 corrup\u00e7\u00e3o, no refor\u00e7o da autoridade do Estado e na cr\u00edtica ao sistema partid\u00e1rio &hellip; <a href=\"https:\/\/antonio-justo.eu\/?p=10679\" class=\"more-link\">Continuar a ler <span class=\"screen-reader-text\">PRESIDENCIAIS EM ALTA TENS\u00c3O: AN\u00c1LISE DO CEN\u00c1RIO POL\u00cdTICO<\/span><\/a><\/p>\n","protected":false},"author":1,"featured_media":0,"comment_status":"open","ping_status":"open","sticky":false,"template":"","format":"standard","meta":{"sfsi_plus_gutenberg_text_before_share":"","sfsi_plus_gutenberg_show_text_before_share":"","sfsi_plus_gutenberg_icon_type":"","sfsi_plus_gutenberg_icon_alignemt":"","sfsi_plus_gutenburg_max_per_row":"","footnotes":""},"categories":[15,14,6,7,16],"tags":[],"class_list":["post-10679","post","type-post","status-publish","format-standard","hentry","category-cultura","category-economia","category-migracao","category-politica","category-sociedade"],"_links":{"self":[{"href":"https:\/\/antonio-justo.eu\/index.php?rest_route=\/wp\/v2\/posts\/10679","targetHints":{"allow":["GET"]}}],"collection":[{"href":"https:\/\/antonio-justo.eu\/index.php?rest_route=\/wp\/v2\/posts"}],"about":[{"href":"https:\/\/antonio-justo.eu\/index.php?rest_route=\/wp\/v2\/types\/post"}],"author":[{"embeddable":true,"href":"https:\/\/antonio-justo.eu\/index.php?rest_route=\/wp\/v2\/users\/1"}],"replies":[{"embeddable":true,"href":"https:\/\/antonio-justo.eu\/index.php?rest_route=%2Fwp%2Fv2%2Fcomments&post=10679"}],"version-history":[{"count":6,"href":"https:\/\/antonio-justo.eu\/index.php?rest_route=\/wp\/v2\/posts\/10679\/revisions"}],"predecessor-version":[{"id":10685,"href":"https:\/\/antonio-justo.eu\/index.php?rest_route=\/wp\/v2\/posts\/10679\/revisions\/10685"}],"wp:attachment":[{"href":"https:\/\/antonio-justo.eu\/index.php?rest_route=%2Fwp%2Fv2%2Fmedia&parent=10679"}],"wp:term":[{"taxonomy":"category","embeddable":true,"href":"https:\/\/antonio-justo.eu\/index.php?rest_route=%2Fwp%2Fv2%2Fcategories&post=10679"},{"taxonomy":"post_tag","embeddable":true,"href":"https:\/\/antonio-justo.eu\/index.php?rest_route=%2Fwp%2Fv2%2Ftags&post=10679"}],"curies":[{"name":"wp","href":"https:\/\/api.w.org\/{rel}","templated":true}]}}