{"id":10673,"date":"2026-01-26T16:32:12","date_gmt":"2026-01-26T15:32:12","guid":{"rendered":"https:\/\/antonio-justo.eu\/?p=10673"},"modified":"2026-01-26T20:29:43","modified_gmt":"2026-01-26T19:29:43","slug":"livre-dentro-da-prisao","status":"publish","type":"post","link":"https:\/\/antonio-justo.eu\/?p=10673","title":{"rendered":"SOU LIVRE DENTRO DA PRIS\u00c3O"},"content":{"rendered":"<p><em>A semente original habita o vaso das circunst\u00e2ncias;<br \/>\nn\u00e3o sou totalmente livre, nem apenas pris\u00e3o<\/em><\/p>\n<p>Sou livre dentro de mim.<br \/>\nN\u00e3o sei ao certo, por vezes,<br \/>\nonde come\u00e7a o vento que em mim trago<br \/>\ne onde terminam os que me empurram.<\/p>\n<p>Cuidado com a liberdade que se vende<br \/>\nna pra\u00e7a p\u00fablica, essa moeda falsa<br \/>\nonde negociam m\u00e1scaras sem rosto<br \/>\ne trocam almas por um punhado de sons.<\/p>\n<p>Sou feito de ra\u00edzes que descem<br \/>\nao fundo da floresta virgem:<br \/>\nali habita o \u201ceu-tu-n\u00f3s\u201d,<br \/>\n\u00e1rvore divina, antiga e sem nome.<\/p>\n<p>Mas sopram ventos da polis,<br \/>\nsecam a terra, trazem fogo sem \u00e1gua,<br \/>\ngritam ofertas de liberdade<br \/>\nenquanto roubam a minha voz.<\/p>\n<p>H\u00e1 muitos na pra\u00e7a<br \/>\ntransformados em negociantes de vidas,<br \/>\ncarregando chaves que nunca abriram<br \/>\nseus pr\u00f3prios cadeados.<\/p>\n<p>E h\u00e1 carrascos vestidos de inoc\u00eancia<br \/>\nque sacrificam o mundo<br \/>\npor uma vidinha estreita e aplaudida.<\/p>\n<p>No centro de mim,<br \/>\n\u00e0s vezes longe, \u00e0s vezes perto<br \/>\nescuto o mar.<\/p>\n<p>\u00c9 um mar que n\u00e3o est\u00e1 nos programas,<br \/>\num abanador de brasas adormecidas,<br \/>\num salitre que me lembra:<\/p>\n<p>A verdadeira liberdade<br \/>\nn\u00e3o se compra, n\u00e3o se grita,<br \/>\nn\u00e3o se deixa prender pelos contextos,<br \/>\npois at\u00e9 nas grades respira,<br \/>\nat\u00e9 no sil\u00eancio dan\u00e7a,<br \/>\nat\u00e9 na escurid\u00e3o se faz aurora.<\/p>\n<p>Sou livre dentro da pris\u00e3o<br \/>\nporque trago o oceano em mim<br \/>\ne as estrelas que n\u00e3o cabem<br \/>\nem nenhuma bandeira.<\/p>\n<p>O meu reino n\u00e3o tem fronteiras,<br \/>\na minha lei \u00e9 o pulsar cont\u00ednuo<br \/>\ndaquela floresta e daquele mar,<br \/>\ne a minha p\u00e1tria<br \/>\n\u00e9 este lugar sagrado<br \/>\nonde o \u201ceu\u201d e o \u201ctu\u201d<br \/>\nainda se reconhecem<br \/>\nantes que o mundo os separe<br \/>\ne lhes d\u00ea nomes de inimigos.<\/p>\n<p>Trago em mim um sol de ser original<br \/>\nNo ber\u00e7o das roupas que herdei.<br \/>\nDesenho, na m\u00e3o que \u00e9 meu abrigo,<br \/>\nO voo que as grades n\u00e3o prendem.<\/p>\n<p><strong>Ant\u00f3nio da Cunha Duarte Justo<\/strong><\/p>\n<p>Pegadas do Tempo<\/p>\n","protected":false},"excerpt":{"rendered":"<p>A semente original habita o vaso das circunst\u00e2ncias; n\u00e3o sou totalmente livre, nem apenas pris\u00e3o Sou livre dentro de mim. N\u00e3o sei ao certo, por vezes, onde come\u00e7a o vento que em mim trago e onde terminam os que me empurram. Cuidado com a liberdade que se vende na pra\u00e7a p\u00fablica, essa moeda falsa onde &hellip; <a href=\"https:\/\/antonio-justo.eu\/?p=10673\" class=\"more-link\">Continuar a ler <span class=\"screen-reader-text\">SOU LIVRE DENTRO DA PRIS\u00c3O<\/span><\/a><\/p>\n","protected":false},"author":1,"featured_media":0,"comment_status":"open","ping_status":"open","sticky":false,"template":"","format":"standard","meta":{"sfsi_plus_gutenberg_text_before_share":"","sfsi_plus_gutenberg_show_text_before_share":"","sfsi_plus_gutenberg_icon_type":"","sfsi_plus_gutenberg_icon_alignemt":"","sfsi_plus_gutenburg_max_per_row":"","footnotes":""},"categories":[3,15,16],"tags":[],"class_list":["post-10673","post","type-post","status-publish","format-standard","hentry","category-arte","category-cultura","category-sociedade"],"_links":{"self":[{"href":"https:\/\/antonio-justo.eu\/index.php?rest_route=\/wp\/v2\/posts\/10673","targetHints":{"allow":["GET"]}}],"collection":[{"href":"https:\/\/antonio-justo.eu\/index.php?rest_route=\/wp\/v2\/posts"}],"about":[{"href":"https:\/\/antonio-justo.eu\/index.php?rest_route=\/wp\/v2\/types\/post"}],"author":[{"embeddable":true,"href":"https:\/\/antonio-justo.eu\/index.php?rest_route=\/wp\/v2\/users\/1"}],"replies":[{"embeddable":true,"href":"https:\/\/antonio-justo.eu\/index.php?rest_route=%2Fwp%2Fv2%2Fcomments&post=10673"}],"version-history":[{"count":5,"href":"https:\/\/antonio-justo.eu\/index.php?rest_route=\/wp\/v2\/posts\/10673\/revisions"}],"predecessor-version":[{"id":10678,"href":"https:\/\/antonio-justo.eu\/index.php?rest_route=\/wp\/v2\/posts\/10673\/revisions\/10678"}],"wp:attachment":[{"href":"https:\/\/antonio-justo.eu\/index.php?rest_route=%2Fwp%2Fv2%2Fmedia&parent=10673"}],"wp:term":[{"taxonomy":"category","embeddable":true,"href":"https:\/\/antonio-justo.eu\/index.php?rest_route=%2Fwp%2Fv2%2Fcategories&post=10673"},{"taxonomy":"post_tag","embeddable":true,"href":"https:\/\/antonio-justo.eu\/index.php?rest_route=%2Fwp%2Fv2%2Ftags&post=10673"}],"curies":[{"name":"wp","href":"https:\/\/api.w.org\/{rel}","templated":true}]}}