{"id":10658,"date":"2026-01-24T22:24:15","date_gmt":"2026-01-24T21:24:15","guid":{"rendered":"https:\/\/antonio-justo.eu\/?p=10658"},"modified":"2026-01-24T22:26:42","modified_gmt":"2026-01-24T21:26:42","slug":"onde-estao-os-intelectuais-quando-a-democracia-precisa-deles","status":"publish","type":"post","link":"https:\/\/antonio-justo.eu\/?p=10658","title":{"rendered":"ONDE EST\u00c3O OS INTELECTUAIS QUANDO A DEMOCRACIA PRECISA DELES?"},"content":{"rendered":"<p style=\"text-align: center;\"><strong>Quem cede o terreno das ideias, entrega o mundo aos que n\u00e3o pensam<\/strong><\/p>\n<p>Durante demasiado tempo, os intelectuais aceitaram um lugar confort\u00e1vel: o da sala de aula, o do livro especializado, o do semin\u00e1rio fechado. \u00c9 um lugar respeit\u00e1vel, sem d\u00favida, mas insuficiente. Num tempo de inquieta\u00e7\u00e3o social profunda, de polariza\u00e7\u00e3o pol\u00edtica e de discursos simplistas que dominam a esfera p\u00fablica e um discurso pol\u00edtico-social por vezes primitivo, a aus\u00eancia dos intelectuais do debate vivo tornou-se um problema democr\u00e1tico.<\/p>\n<p>Todas as profiss\u00f5es contribuem directamente para a sociedade. Trabalhadores, t\u00e9cnicos, empregados e profissionais de todas as \u00e1reas colocam diariamente o seu saber ao servi\u00e7o do colectivo. Qual \u00e9 a raz\u00e3o por que os intelectuais, fil\u00f3sofos, soci\u00f3logos, pensadores, acad\u00e9micos, se resignaram a ver o seu conhecimento filtrado pelas elites pol\u00edticas e econ\u00f3micas, que o instrumentalizam de acordo com interesses pr\u00f3prios?<\/p>\n<p>A fun\u00e7\u00e3o hist\u00f3rica do intelectual foi sempre a de clarificar o pensamento, de desmontar falsos dilemas, de resistir \u00e0 manipula\u00e7\u00e3o ideol\u00f3gica. Hoje, por\u00e9m, o espa\u00e7o p\u00fablico est\u00e1 saturado de ru\u00eddo emocional e cada vez mais dominado pelos megafones da confus\u00e3o. A pol\u00edtica deixou de se orientar pela raz\u00e3o e passou a disputar audi\u00eancias atrav\u00e9s do medo, da indigna\u00e7\u00e3o e da moraliza\u00e7\u00e3o simplista. Tanto \u00e0 esquerda como \u00e0 direita, triunfam os apelos emocionais, porque rendem mais votos do que a clareza, ficando o povo cada vez mais na mesma.<\/p>\n<p>A democracia paga um pre\u00e7o elevado por isso. Reduzida a uma aritm\u00e9tica grosseira, a maioria decide, a minoria obedece, perde a sua ess\u00eancia mais profunda: a democracia \u00e9, antes de tudo, coopera\u00e7\u00e3o, delibera\u00e7\u00e3o, reconhecimento da pluralidade. N\u00e3o \u00e9 um ponto de vista imposto, mas um processo partilhado.<\/p>\n<p>Tamb\u00e9m os activistas precisam de reaprender esta li\u00e7\u00e3o. A milit\u00e2ncia que se limita \u00e0 afirma\u00e7\u00e3o de perten\u00e7a, \u00e0 rotula\u00e7\u00e3o ou \u00e0 indigna\u00e7\u00e3o permanente empobrece o espa\u00e7o p\u00fablico. Sem reflex\u00e3o, sem teoria, sem capacidade de escuta, o activismo transforma-se em mais um ru\u00eddo inc\u00f3modo na pra\u00e7a medi\u00e1tica.<\/p>\n<p>As redes sociais revelam, paradoxalmente, que existe interesse por debates mais profundos. Muitos cidad\u00e3os, mesmo aqueles jovens focados na carreira, no sucesso econ\u00f3mico ou na realiza\u00e7\u00e3o pessoal, seguem discursos que escapam ao manique\u00edsmo dominante. O problema n\u00e3o \u00e9 a falta de p\u00fablico; \u00e9 a falta de mediadores intelectuais dispostos a sair da sua bolha. Naturalmente a tal decis\u00e3o n\u00e3o \u00e9 coisa f\u00e1cil devido \u00e0 exposi\u00e7\u00e3o a ataques baixos.<\/p>\n<p>Nos est\u00fadios televisivos, a pol\u00edtica tornou-se espect\u00e1culo com bastidores de cores narcisistas. Pol\u00edticos hiper-activistas vivem da superf\u00edcie e, como consequ\u00eancia, superficializam o p\u00fablico. A classe m\u00e9dia, outrora espa\u00e7o de reflex\u00e3o e media\u00e7\u00e3o social, adopta cada vez mais formas de comunica\u00e7\u00e3o rudimentares, empobrecendo o debate democr\u00e1tico, ao submeter-se ao esp\u00edrito do tempo que nivela atitudes e h\u00e1bitos pelo padr\u00e3o mais baixo.<\/p>\n<p>Onde est\u00e3o os fil\u00f3sofos, os pensadores, os intelectuais capazes de criar pensamento claro num mundo cada vez mais nebuloso? A situa\u00e7\u00e3o \u00e9 t\u00e3o doentia e confusa que seria de perguntar: est\u00e3o ao servi\u00e7o de quem?<\/p>\n<p>O abandono da arena das ideias \u00e9 uma capitula\u00e7\u00e3o silenciosa aos que as distorcem. A clareza pensante tem o dever de ocupar o espa\u00e7o p\u00fablico, ou ser\u00e1 tragada pela n\u00e9voa do ru\u00eddo e pelas sombras da a\u00e7\u00e3o cega.<\/p>\n<p><strong>Ant\u00f3nio da Cunha Duarte Justo<\/strong><\/p>\n<p><strong>Pegadas do Tempo<\/strong><\/p>\n","protected":false},"excerpt":{"rendered":"<p>Quem cede o terreno das ideias, entrega o mundo aos que n\u00e3o pensam Durante demasiado tempo, os intelectuais aceitaram um lugar confort\u00e1vel: o da sala de aula, o do livro especializado, o do semin\u00e1rio fechado. \u00c9 um lugar respeit\u00e1vel, sem d\u00favida, mas insuficiente. Num tempo de inquieta\u00e7\u00e3o social profunda, de polariza\u00e7\u00e3o pol\u00edtica e de discursos &hellip; <a href=\"https:\/\/antonio-justo.eu\/?p=10658\" class=\"more-link\">Continuar a ler <span class=\"screen-reader-text\">ONDE EST\u00c3O OS INTELECTUAIS QUANDO A DEMOCRACIA PRECISA DELES?<\/span><\/a><\/p>\n","protected":false},"author":1,"featured_media":0,"comment_status":"open","ping_status":"open","sticky":false,"template":"","format":"standard","meta":{"sfsi_plus_gutenberg_text_before_share":"","sfsi_plus_gutenberg_show_text_before_share":"","sfsi_plus_gutenberg_icon_type":"","sfsi_plus_gutenberg_icon_alignemt":"","sfsi_plus_gutenburg_max_per_row":"","footnotes":""},"categories":[15,4,5,7,8,16],"tags":[],"class_list":["post-10658","post","type-post","status-publish","format-standard","hentry","category-cultura","category-educacao","category-escola","category-politica","category-religiao","category-sociedade"],"_links":{"self":[{"href":"https:\/\/antonio-justo.eu\/index.php?rest_route=\/wp\/v2\/posts\/10658","targetHints":{"allow":["GET"]}}],"collection":[{"href":"https:\/\/antonio-justo.eu\/index.php?rest_route=\/wp\/v2\/posts"}],"about":[{"href":"https:\/\/antonio-justo.eu\/index.php?rest_route=\/wp\/v2\/types\/post"}],"author":[{"embeddable":true,"href":"https:\/\/antonio-justo.eu\/index.php?rest_route=\/wp\/v2\/users\/1"}],"replies":[{"embeddable":true,"href":"https:\/\/antonio-justo.eu\/index.php?rest_route=%2Fwp%2Fv2%2Fcomments&post=10658"}],"version-history":[{"count":3,"href":"https:\/\/antonio-justo.eu\/index.php?rest_route=\/wp\/v2\/posts\/10658\/revisions"}],"predecessor-version":[{"id":10661,"href":"https:\/\/antonio-justo.eu\/index.php?rest_route=\/wp\/v2\/posts\/10658\/revisions\/10661"}],"wp:attachment":[{"href":"https:\/\/antonio-justo.eu\/index.php?rest_route=%2Fwp%2Fv2%2Fmedia&parent=10658"}],"wp:term":[{"taxonomy":"category","embeddable":true,"href":"https:\/\/antonio-justo.eu\/index.php?rest_route=%2Fwp%2Fv2%2Fcategories&post=10658"},{"taxonomy":"post_tag","embeddable":true,"href":"https:\/\/antonio-justo.eu\/index.php?rest_route=%2Fwp%2Fv2%2Ftags&post=10658"}],"curies":[{"name":"wp","href":"https:\/\/api.w.org\/{rel}","templated":true}]}}