{"id":10655,"date":"2026-01-23T15:25:22","date_gmt":"2026-01-23T14:25:22","guid":{"rendered":"https:\/\/antonio-justo.eu\/?p=10655"},"modified":"2026-01-23T15:25:22","modified_gmt":"2026-01-23T14:25:22","slug":"campanha-eleitoral-nao-e-guerra-civil","status":"publish","type":"post","link":"https:\/\/antonio-justo.eu\/?p=10655","title":{"rendered":"CAMPANHA ELEITORAL N\u00c3O \u00c9 GUERRA CIVIL"},"content":{"rendered":"<p style=\"text-align: center;\"><strong>N\u00e3o h\u00e1 donos da Democracia como quereriam regimes autorit\u00e1rios<\/strong><\/p>\n<p>No FB circulam os seguintes dizeres: \u201c Em vez de cantarmos: &#8220;contra os canh\u00f5es, marchar, marchar&#8221;&#8230;Vamos cantar: &#8220;Contra a direita, votar, votar&#8221;!\u201d Isto \u00e9 c\u00f3pia slogan do grupo alem\u00e3o \u201cAv\u00f3s contra a direita\u201d organizado pela esquerda que concebe a sociedade como campo de luta de algum grupo que se julga em posse da democracia.<\/p>\n<p>A vis\u00e3o apresentada reduz a democracia a um acto de oposi\u00e7\u00e3o partid\u00e1ria, o que merece algumas reflex\u00f5es contr\u00e1rias fundamentadas:<\/p>\n<p><strong>A Democracia n\u00e3o \u00e9 guerra civil eleitoral <\/strong><strong>pois a met\u00e1fora belicista (&#8220;contra a direita&#8221;) contradiz o esp\u00edrito democr\u00e1tico, que pressup\u00f5e coexist\u00eancia e competi\u00e7\u00e3o pac\u00edfica de ideias, n\u00e3o aniquila\u00e7\u00e3o do oponente.<\/strong><strong><br \/>\nO voto como constru\u00e7\u00e3o, n\u00e3o como arma<\/strong>; com efeito, a democracia madura entende o voto como instrumento de constru\u00e7\u00e3o coletiva, n\u00e3o apenas como ferramenta de oposi\u00e7\u00e3o. A \u00eanfase deve estar no projeto de sociedade e na mundivis\u00e3o humana, que se prop\u00f5e e n\u00e3o apenas naquilo que se rejeita.<br \/>\n<strong>O Pluralismo \u00e9 um valor fundamental e constitutivo de uma democracia<\/strong><strong> pois, <\/strong>uma democracia saud\u00e1vel reconhece que a diversidade ideol\u00f3gica \u00e9 necess\u00e1ria para o equil\u00edbrio social e para a qualidade das delibera\u00e7\u00f5es p\u00fablicas.<br \/>\n<strong>O reducionismo \u00e9 uma maneira de se afirmar contra a democracia porque <\/strong>reduzir complexas escolhas societ\u00e1rias a um bin\u00e1rio &#8220;n\u00f3s contra eles&#8221; empobrece o debate p\u00fablico e alimenta polariza\u00e7\u00e3o destrutiva, aproveitando-se de quem anda distra\u00eddo.<br \/>\nPrecisa-se de <strong>democracia representativa e n\u00e3o de mobiliza\u00e7\u00e3o extremista permanente<\/strong><strong>, pois \u00e9 um facto que <\/strong>sistemas democr\u00e1ticos est\u00e1veis dependem de institui\u00e7\u00f5es s\u00f3lidas e altern\u00e2ncia pac\u00edfica no poder e n\u00e3o da perpetua\u00e7\u00e3o de um estado de mobiliza\u00e7\u00e3o contra advers\u00e1rios pol\u00edticos.<\/p>\n<p>Quando os argumentos faltam as partes armam-se em \u00fanicos salvadores de um povo que n\u00e3o precisa de tais extremismos. Reduzir a campanha eleitoral a guerra civil torna-se num apelo a n\u00e3o se ir votar!<\/p>\n<p><strong>Uma perspectiva democr\u00e1tica alternativa poderia cantar: &#8220;Pelo di\u00e1logo, debater, debater&#8221; ou &#8220;Pelos direitos, construir, construir&#8221;, enfatizando valores substantivos em vez de oposi\u00e7\u00e3o partid\u00e1ria.<\/strong><\/p>\n<p>A for\u00e7a da democracia est\u00e1 em transformar conflitos em debates regrados e em garantir que todas as correntes pol\u00edticas possam expressar-se livremente, inclusive aquelas com quem discordamos.<\/p>\n<p><strong>Ant\u00f3nio da Cunha Duarte Justo<\/strong><\/p>\n<p>Pegadas do Tempo<\/p>\n<p>&nbsp;<\/p>\n","protected":false},"excerpt":{"rendered":"<p>N\u00e3o h\u00e1 donos da Democracia como quereriam regimes autorit\u00e1rios No FB circulam os seguintes dizeres: \u201c Em vez de cantarmos: &#8220;contra os canh\u00f5es, marchar, marchar&#8221;&#8230;Vamos cantar: &#8220;Contra a direita, votar, votar&#8221;!\u201d Isto \u00e9 c\u00f3pia slogan do grupo alem\u00e3o \u201cAv\u00f3s contra a direita\u201d organizado pela esquerda que concebe a sociedade como campo de luta de algum &hellip; <a href=\"https:\/\/antonio-justo.eu\/?p=10655\" class=\"more-link\">Continuar a ler <span class=\"screen-reader-text\">CAMPANHA ELEITORAL N\u00c3O \u00c9 GUERRA CIVIL<\/span><\/a><\/p>\n","protected":false},"author":1,"featured_media":0,"comment_status":"open","ping_status":"open","sticky":false,"template":"","format":"standard","meta":{"sfsi_plus_gutenberg_text_before_share":"","sfsi_plus_gutenberg_show_text_before_share":"","sfsi_plus_gutenberg_icon_type":"","sfsi_plus_gutenberg_icon_alignemt":"","sfsi_plus_gutenburg_max_per_row":"","footnotes":""},"categories":[15,7,16],"tags":[],"class_list":["post-10655","post","type-post","status-publish","format-standard","hentry","category-cultura","category-politica","category-sociedade"],"_links":{"self":[{"href":"https:\/\/antonio-justo.eu\/index.php?rest_route=\/wp\/v2\/posts\/10655","targetHints":{"allow":["GET"]}}],"collection":[{"href":"https:\/\/antonio-justo.eu\/index.php?rest_route=\/wp\/v2\/posts"}],"about":[{"href":"https:\/\/antonio-justo.eu\/index.php?rest_route=\/wp\/v2\/types\/post"}],"author":[{"embeddable":true,"href":"https:\/\/antonio-justo.eu\/index.php?rest_route=\/wp\/v2\/users\/1"}],"replies":[{"embeddable":true,"href":"https:\/\/antonio-justo.eu\/index.php?rest_route=%2Fwp%2Fv2%2Fcomments&post=10655"}],"version-history":[{"count":1,"href":"https:\/\/antonio-justo.eu\/index.php?rest_route=\/wp\/v2\/posts\/10655\/revisions"}],"predecessor-version":[{"id":10656,"href":"https:\/\/antonio-justo.eu\/index.php?rest_route=\/wp\/v2\/posts\/10655\/revisions\/10656"}],"wp:attachment":[{"href":"https:\/\/antonio-justo.eu\/index.php?rest_route=%2Fwp%2Fv2%2Fmedia&parent=10655"}],"wp:term":[{"taxonomy":"category","embeddable":true,"href":"https:\/\/antonio-justo.eu\/index.php?rest_route=%2Fwp%2Fv2%2Fcategories&post=10655"},{"taxonomy":"post_tag","embeddable":true,"href":"https:\/\/antonio-justo.eu\/index.php?rest_route=%2Fwp%2Fv2%2Ftags&post=10655"}],"curies":[{"name":"wp","href":"https:\/\/api.w.org\/{rel}","templated":true}]}}