{"id":10494,"date":"2025-12-14T22:08:56","date_gmt":"2025-12-14T21:08:56","guid":{"rendered":"https:\/\/antonio-justo.eu\/?p=10494"},"modified":"2025-12-14T22:08:56","modified_gmt":"2025-12-14T21:08:56","slug":"a-consciencia-soberana","status":"publish","type":"post","link":"https:\/\/antonio-justo.eu\/?p=10494","title":{"rendered":"A CONSCI\u00caNCIA SOBERANA"},"content":{"rendered":"<p>N\u00e3o nasceu do decreto<br \/>\nnem do voto contado ao entardecer.<br \/>\nN\u00e3o se ergueu em parlamentos<br \/>\nnem aprendeu a linguagem das maiorias.<br \/>\nA f\u00e9, essa da consci\u00eancia,<br \/>\nnasceu onde o poder n\u00e3o entra:<br \/>\nno sil\u00eancio em que o homem<br \/>\nse sabe mais do que fun\u00e7\u00e3o.<\/p>\n<p>As f\u00e9s seculares constroem-se em andaimes:<br \/>\nsupraestruturas de sentido calculado,<br \/>\nm\u00e1quinas de consenso,<br \/>\npedagogias da obedi\u00eancia feliz.<br \/>\nPrometem liberdade administrada,<br \/>\ndireitos garantidos por sistemas<br \/>\nque pedem, em troca,<br \/>\na rendi\u00e7\u00e3o \u00edntima do olhar.<\/p>\n<p>Mas a consci\u00eancia n\u00e3o se assina.<br \/>\nN\u00e3o obedece \u00e0 geometria dos regimes<br \/>\nnem ao tempo curto das ideologias.<br \/>\nAtravessa imp\u00e9rios,<br \/>\nsobrevive a constitui\u00e7\u00f5es,<br \/>\nassiste, paciente,<br \/>\n\u00e0 queda sucessiva das formas<br \/>\nque juraram ser eternas.<\/p>\n<p>Por isso a f\u00e9 pessoal incomoda.<br \/>\nPorque n\u00e3o depende do Estado,<br \/>\nnem da t\u00e9cnica,<br \/>\nnem do aplauso moral do tempo.<br \/>\nEla subsiste como brasa<br \/>\nsob a cinza das \u00e9pocas,<br \/>\nesperando apenas<br \/>\nque o tempo mude de voz.<\/p>\n<p>At\u00e9 na Igreja, feita de Pedra e hist\u00f3ria,<br \/>\nh\u00e1 trono e h\u00e1 limite.<br \/>\nH\u00e1 autoridade,<br \/>\nmas h\u00e1 um santu\u00e1rio que nem o Papa habita:<br \/>\na consci\u00eancia, esse espa\u00e7o inviol\u00e1vel<br \/>\nonde Deus fala sem intermedi\u00e1rios<br \/>\ne o homem responde sem delegar.<\/p>\n<p>\u00c9 a\u00ed que o cristianismo se torna constitucional<br \/>\nantes de o ser pol\u00edtico:<br \/>\nquando afirma que nenhuma ordem,<br \/>\nnem mesmo sagrada,<br \/>\npode substituir o ju\u00edzo \u00faltimo<br \/>\ndo cora\u00e7\u00e3o iluminado.<\/p>\n<p>Por isso os regimes desconfiam.<br \/>\nOs de ferro, como o chin\u00eas,<br \/>\ne os de veludo, como a nossa democracia.<br \/>\nAmbos toleram a f\u00e9<br \/>\ndesde que domesticada,<br \/>\ndesde que aceite ser cultura<br \/>\ne n\u00e3o crit\u00e9rio,<br \/>\nrito e n\u00e3o resist\u00eancia.<\/p>\n<p>Mas a luz interior,<br \/>\ncomo a de Luzia,<br \/>\nprefere perder os olhos<br \/>\na perder a vis\u00e3o.<br \/>\nE lembra ao mundo, s\u00e9culo ap\u00f3s s\u00e9culo,<br \/>\nque a verdadeira soberania<br \/>\nn\u00e3o se governa: testemunha-se.<\/p>\n<p><strong>Ant\u00f3nio da Cunha Duarte Justo<\/strong><\/p>\n<p>Pegadas do Tempo<\/p>\n","protected":false},"excerpt":{"rendered":"<p>N\u00e3o nasceu do decreto nem do voto contado ao entardecer. N\u00e3o se ergueu em parlamentos nem aprendeu a linguagem das maiorias. A f\u00e9, essa da consci\u00eancia, nasceu onde o poder n\u00e3o entra: no sil\u00eancio em que o homem se sabe mais do que fun\u00e7\u00e3o. As f\u00e9s seculares constroem-se em andaimes: supraestruturas de sentido calculado, m\u00e1quinas &hellip; <a href=\"https:\/\/antonio-justo.eu\/?p=10494\" class=\"more-link\">Continuar a ler <span class=\"screen-reader-text\">A CONSCI\u00caNCIA SOBERANA<\/span><\/a><\/p>\n","protected":false},"author":1,"featured_media":0,"comment_status":"open","ping_status":"open","sticky":false,"template":"","format":"standard","meta":{"sfsi_plus_gutenberg_text_before_share":"","sfsi_plus_gutenberg_show_text_before_share":"","sfsi_plus_gutenberg_icon_type":"","sfsi_plus_gutenberg_icon_alignemt":"","sfsi_plus_gutenburg_max_per_row":"","footnotes":""},"categories":[3,15],"tags":[],"class_list":["post-10494","post","type-post","status-publish","format-standard","hentry","category-arte","category-cultura"],"_links":{"self":[{"href":"https:\/\/antonio-justo.eu\/index.php?rest_route=\/wp\/v2\/posts\/10494","targetHints":{"allow":["GET"]}}],"collection":[{"href":"https:\/\/antonio-justo.eu\/index.php?rest_route=\/wp\/v2\/posts"}],"about":[{"href":"https:\/\/antonio-justo.eu\/index.php?rest_route=\/wp\/v2\/types\/post"}],"author":[{"embeddable":true,"href":"https:\/\/antonio-justo.eu\/index.php?rest_route=\/wp\/v2\/users\/1"}],"replies":[{"embeddable":true,"href":"https:\/\/antonio-justo.eu\/index.php?rest_route=%2Fwp%2Fv2%2Fcomments&post=10494"}],"version-history":[{"count":1,"href":"https:\/\/antonio-justo.eu\/index.php?rest_route=\/wp\/v2\/posts\/10494\/revisions"}],"predecessor-version":[{"id":10495,"href":"https:\/\/antonio-justo.eu\/index.php?rest_route=\/wp\/v2\/posts\/10494\/revisions\/10495"}],"wp:attachment":[{"href":"https:\/\/antonio-justo.eu\/index.php?rest_route=%2Fwp%2Fv2%2Fmedia&parent=10494"}],"wp:term":[{"taxonomy":"category","embeddable":true,"href":"https:\/\/antonio-justo.eu\/index.php?rest_route=%2Fwp%2Fv2%2Fcategories&post=10494"},{"taxonomy":"post_tag","embeddable":true,"href":"https:\/\/antonio-justo.eu\/index.php?rest_route=%2Fwp%2Fv2%2Ftags&post=10494"}],"curies":[{"name":"wp","href":"https:\/\/api.w.org\/{rel}","templated":true}]}}