{"id":10491,"date":"2025-12-13T22:26:54","date_gmt":"2025-12-13T21:26:54","guid":{"rendered":"https:\/\/antonio-justo.eu\/?p=10491"},"modified":"2025-12-13T22:26:54","modified_gmt":"2025-12-13T21:26:54","slug":"a-luz-interior-como-forma-de-liberdade","status":"publish","type":"post","link":"https:\/\/antonio-justo.eu\/?p=10491","title":{"rendered":"A LUZ INTERIOR COMO FORMA DE LIBERDADE"},"content":{"rendered":"<p style=\"text-align: center;\"><strong>Santa Luzia e a resist\u00eancia da consci\u00eancia face \u00e0s ideologias do tempo<\/strong><\/p>\n<p>Cada \u00e9poca observa o mundo atrav\u00e9s dos seus pr\u00f3prios \u00f3culos. Mudam as linguagens, os contextos e as estruturas, mas certos padr\u00f5es repetem-se ao longo dos s\u00e9culos. A hist\u00f3ria humana revela sinais recorrentes que exigem discernimento: compreender a presente passa, muitas vezes, por interpretar o passado tamb\u00e9m \u00e0 luz do agora sem se deixar diluir no aspeto folcl\u00f3rico. Para isso importa interpretar a Tradi\u00e7\u00e3o como linguagem da liberdade<\/p>\n<p>Em Portugal, as festas de Santa Luzia (Santa L\u00facia) s\u00e3o amplamente difundidas e enraizadas na tradi\u00e7\u00e3o popular. Na Escandin\u00e1via, por\u00e9m, a sua venera\u00e7\u00e3o assume uma dimens\u00e3o particularmente expressiva. No dia 13 de dezembro, n\u00e3o s\u00f3 cat\u00f3licos, mas tamb\u00e9m comunidades inteiras celebram Santa Luzia de Siracusa com prociss\u00f5es de t\u00fanicas brancas e coroas de luzes. Este gesto simples carrega uma mem\u00f3ria profunda: a de uma mulher do s\u00e9culo III que se recusou a ser subjugada.<\/p>\n<p>O nome Luzia significa \u201ca Brilhante\u201d. N\u00e3o se trata de uma luz exterior, decorativa ou imposta, mas de uma for\u00e7a que brota do interior. Num mundo que reduzia as mulheres \u00e0 condi\u00e7\u00e3o de propriedade, ao casamento obrigat\u00f3rio e ao sil\u00eancio social, Luzia rompeu com a ordem estabelecida. Escolheu a f\u00e9, a liberdade interior e a autodetermina\u00e7\u00e3o. A sua vida foi um ato de resist\u00eancia.<\/p>\n<p>Santa Luzia \u00e9 venerada como padroeira da vis\u00e3o e protetora contra a cegueira e as doen\u00e7as dos olhos. Simboliza a f\u00e9, a pureza e o mart\u00edrio, mas tamb\u00e9m algo mais profundo: a capacidade de ver para al\u00e9m das trevas. Ao descobrir a luz de Cristo em si mesma, tornou-se portadora dessa luz para o mundo. A tradi\u00e7\u00e3o que fala da mutila\u00e7\u00e3o dos seus olhos, como forma extrema de resistir \u00e0 tenta\u00e7\u00e3o de renegar a f\u00e9, culmina simbolicamente na restitui\u00e7\u00e3o de novos olhos, sinal de uma vis\u00e3o renovada, interior e espiritual.<\/p>\n<p><strong>Esta narrativa interpela-nos hoje. H\u00e1, no nosso tempo, tentativas subtis e persistentes de retirar \u00e0s pessoas a sua f\u00e9, n\u00e3o apenas a f\u00e9 religiosa, mas a f\u00e9 interior, a confian\u00e7a na pr\u00f3pria consci\u00eancia e na liberdade espiritual. Quem det\u00e9m o poder sabe que um povo sem f\u00e9 pr\u00f3pria se torna facilmente manipul\u00e1vel, sujeito \u00e0 ideologia dominante e \u00e0 imposi\u00e7\u00e3o de narrativas \u00fanicas.<\/strong><\/p>\n<p>L\u00facia n\u00e3o cedeu e declarou com firmeza: \u201cAdoro um s\u00f3 Deus verdadeiro, e a Ele prometi amor e fidelidade.\u201d<br \/>\nPor essa fidelidade, foi decapitada a 13 de dezembro de 304.<\/p>\n<p>As coroas de luzes usadas nas celebra\u00e7\u00f5es de Santa Luzia, tamb\u00e9m presentes no tempo do Advento, n\u00e3o s\u00e3o meros adornos folcl\u00f3ricos. Elas preservam uma mensagem essencial: a verdadeira luz n\u00e3o vem apenas de fora. \u00c9 transportada por Luzia, por todo o crist\u00e3o consciente e por toda a pessoa desperta para a sua dignidade interior. A aur\u00e9ola luminosa simboliza o a autoconsci\u00eancia e poder pessoal, a orienta\u00e7\u00e3o enraizada na f\u00e9 e a independ\u00eancia de esp\u00edrito.<\/p>\n<p>Santa L\u00facia ensina-nos que a f\u00e9 aut\u00eantica rompe com a injusti\u00e7a. Convida-nos a defender a liberdade onde quer que ela seja amea\u00e7ada, especialmente nos contextos em que mulheres e outros grupos continuam a ser controlados, silenciados ou oprimidos.<\/p>\n<p>No tempo do Advento, somos chamados a despertar. A resistir \u00e0s trevas, mesmo quando somos lan\u00e7ados, como uma fr\u00e1gil luz de inverno, num mundo que insiste em espalhar o frio, o medo e a escurid\u00e3o. A luz, por\u00e9m, permanece. E quando nasce de dentro, nenhuma for\u00e7a exterior a pode apagar. A f\u00e9 pessoal \u00e9 a luz que ningu\u00e9m pode apagar. Ela \u00e9 a \u00faltima fronteira da Liberdade; a luz interior e a f\u00e9 pessoal s\u00e3o a melhor defesa cultural da liberdade (por isso quer o poder autorit\u00e1rio, quer at\u00e9 o democr\u00e1tico procuram assenhorear-se das consci\u00eancias individuais apresentando-se eles como os portadores da liberdade).<\/p>\n<p><strong>Ant\u00f3nio da Cunha Duarte Justo<\/strong><\/p>\n<p>Pegadas do Tempo<\/p>\n","protected":false},"excerpt":{"rendered":"<p>Santa Luzia e a resist\u00eancia da consci\u00eancia face \u00e0s ideologias do tempo Cada \u00e9poca observa o mundo atrav\u00e9s dos seus pr\u00f3prios \u00f3culos. Mudam as linguagens, os contextos e as estruturas, mas certos padr\u00f5es repetem-se ao longo dos s\u00e9culos. A hist\u00f3ria humana revela sinais recorrentes que exigem discernimento: compreender a presente passa, muitas vezes, por interpretar &hellip; <a href=\"https:\/\/antonio-justo.eu\/?p=10491\" class=\"more-link\">Continuar a ler <span class=\"screen-reader-text\">A LUZ INTERIOR COMO FORMA DE LIBERDADE<\/span><\/a><\/p>\n","protected":false},"author":1,"featured_media":0,"comment_status":"open","ping_status":"open","sticky":false,"template":"","format":"standard","meta":{"sfsi_plus_gutenberg_text_before_share":"","sfsi_plus_gutenberg_show_text_before_share":"","sfsi_plus_gutenberg_icon_type":"","sfsi_plus_gutenberg_icon_alignemt":"","sfsi_plus_gutenburg_max_per_row":"","footnotes":""},"categories":[15,7,8,16],"tags":[],"class_list":["post-10491","post","type-post","status-publish","format-standard","hentry","category-cultura","category-politica","category-religiao","category-sociedade"],"_links":{"self":[{"href":"https:\/\/antonio-justo.eu\/index.php?rest_route=\/wp\/v2\/posts\/10491","targetHints":{"allow":["GET"]}}],"collection":[{"href":"https:\/\/antonio-justo.eu\/index.php?rest_route=\/wp\/v2\/posts"}],"about":[{"href":"https:\/\/antonio-justo.eu\/index.php?rest_route=\/wp\/v2\/types\/post"}],"author":[{"embeddable":true,"href":"https:\/\/antonio-justo.eu\/index.php?rest_route=\/wp\/v2\/users\/1"}],"replies":[{"embeddable":true,"href":"https:\/\/antonio-justo.eu\/index.php?rest_route=%2Fwp%2Fv2%2Fcomments&post=10491"}],"version-history":[{"count":1,"href":"https:\/\/antonio-justo.eu\/index.php?rest_route=\/wp\/v2\/posts\/10491\/revisions"}],"predecessor-version":[{"id":10492,"href":"https:\/\/antonio-justo.eu\/index.php?rest_route=\/wp\/v2\/posts\/10491\/revisions\/10492"}],"wp:attachment":[{"href":"https:\/\/antonio-justo.eu\/index.php?rest_route=%2Fwp%2Fv2%2Fmedia&parent=10491"}],"wp:term":[{"taxonomy":"category","embeddable":true,"href":"https:\/\/antonio-justo.eu\/index.php?rest_route=%2Fwp%2Fv2%2Fcategories&post=10491"},{"taxonomy":"post_tag","embeddable":true,"href":"https:\/\/antonio-justo.eu\/index.php?rest_route=%2Fwp%2Fv2%2Ftags&post=10491"}],"curies":[{"name":"wp","href":"https:\/\/api.w.org\/{rel}","templated":true}]}}