{"id":10489,"date":"2025-12-13T17:53:22","date_gmt":"2025-12-13T16:53:22","guid":{"rendered":"https:\/\/antonio-justo.eu\/?p=10489"},"modified":"2025-12-13T17:53:22","modified_gmt":"2025-12-13T16:53:22","slug":"a-nova-barreira-alfandegaria-da-ue","status":"publish","type":"post","link":"https:\/\/antonio-justo.eu\/?p=10489","title":{"rendered":"A NOVA BARREIRA ALFANDEG\u00c1RIA DA UE"},"content":{"rendered":"<p style=\"text-align: center;\"><strong>Protecionismo, Receita fiscal ou uma Medida contra a China?<\/strong><\/p>\n<p>Num movimento que marca uma viragem significativa na pol\u00edtica comercial europeia, os Estados-Membros da Uni\u00e3o Europeia aprovaram a imposi\u00e7\u00e3o de taxas alfandeg\u00e1rias sobre todas as importa\u00e7\u00f5es, incluindo pequenas encomendas com valor inferior a 150\u20ac. A partir de julho de 2026, estas encomendas, at\u00e9 agora isentas, estar\u00e3o sujeitas a uma taxa fixa de 3\u20ac. A medida, justificada pela Comiss\u00e3o Europeia como uma forma de nivelar o campo de jogo perante a avalanche de importa\u00e7\u00f5es baratas, gera um intenso debate. Para muitos, \u00e9 um passo necess\u00e1rio para proteger a economia europeia; para outros, representa mais uma forma de o Estado &#8220;encher os seus pr\u00f3prios bolsos&#8221; sob o pretexto de medidas contra a China.<\/p>\n<p><strong>O Fim de uma Era: A Isen\u00e7\u00e3o dos 150\u20ac<\/strong><br \/>\nDesde h\u00e1 d\u00e9cadas, o limiar dos 150\u20ac funcionou como um est\u00edmulo ao com\u00e9rcio internacional de baixo valor, permitindo aos consumidores europeus com menos recursos adquirir bens de todo o mundo sem burocracia ou custos adicionais. Esta isen\u00e7\u00e3o foi, no entanto, corro\u00edda pela explos\u00e3o do e-commerce transcontinental, particularmente com a ascens\u00e3o de gigantes baseados na China como Shein, Temu e AliExpress. Estas plataformas, com seus modelos de neg\u00f3cio baseados em volumes astron\u00f3micos de pequenas encomendas diretas ao consumidor, dominam agora o fluxo de bens de baixo custo para a UE. A Comiss\u00e3o Europeia estima que, s\u00f3 em 2024, 12 milh\u00f5es de encomendas cheguem diariamente ao espa\u00e7o comunit\u00e1rio, um n\u00famero que pressiona os sistemas log\u00edsticos e alfandeg\u00e1rios e que, argumenta Bruxelas, distorce a concorr\u00eancia com os retalhistas europeus.<\/p>\n<p><strong>Objetivos Declarados e Cr\u00edticas<\/strong><br \/>\nOs proponentes da medida defendem-na com tr\u00eas argumentos principais:<\/p>\n<p><strong>&#8211; Equidade no Mercado:<\/strong> Acabar com a vantagem competitiva &#8220;injusta&#8221; de retalhistas n\u00e3o-europeus que n\u00e3o cumprem as mesmas regras fiscais, ambientais ou laborais.<\/p>\n<p><strong>&#8211; Nivelamento Fiscal:<\/strong> Combater a evas\u00e3o do IVA, garantindo que todas as encomendas contribuem para as receitas dos Estados-Membros.<\/p>\n<p><strong>&#8211; Financiamento da Maquinaria Aduaneira:<\/strong> A taxa fixa de 3\u20ac ajudar\u00e1 a financiar os custos operacionais crescentes do controlo aduaneiro desta mir\u00edade de pequenas encomendas.<\/p>\n<p>No entanto, a medida \u00e9 alvo de veemente cr\u00edtica. Os governos usam o pretexto geopol\u00edtico e de &#8220;prote\u00e7\u00e3o do mercado \u00fanico&#8221; para aumentar a receita fiscal \u00e0 custa do consumidor comum. A taxa de 3\u20ac sobre uma encomenda de 5\u20ac ou 10\u20ac representa um acr\u00e9scimo percentual brutal, funcionando efetivamente como um imposto regressivo que pesa mais sobre as fam\u00edlias com menos recursos.<\/p>\n<p><strong>Impacto em Cadeia: Consumidores, Plataformas e a Log\u00edstica<\/strong><br \/>\nAs consequ\u00eancias ser\u00e3o vastas:<\/p>\n<p><strong>&#8211; Para o Consumidor:<\/strong> O fim da &#8220;pechincha&#8221; verdadeiramente global. O pre\u00e7o final dos artigos baratos aumentar\u00e1 substancialmente, podendo reduzir o poder de compra e a variedade de escolha.<\/p>\n<p><strong>&#8211; Para as Plataformas Online (Shein, Temu, AliExpress):<\/strong> O seu modelo de neg\u00f3cio, assente em margens baix\u00edssimas e volume extremo, enfrenta um desafio existencial. Ter\u00e3o de absorver o custo, repass\u00e1-lo ao cliente, ou reinventar as suas cadeias log\u00edsticas, possivelmente atrav\u00e9s de armaz\u00e9ns dentro da UE.<\/p>\n<p><strong>&#8211; Para os Servi\u00e7os Aduaneiros e Correios:<\/strong> Pressup\u00f5e uma complexidade log\u00edstica monumental. Processar milh\u00f5es de micro-taxas di\u00e1rias exigir\u00e1 uma automa\u00e7\u00e3o e efici\u00eancia sem precedentes, sob o risco de criar enormes gargalos e atrasos na entrega.<\/p>\n<p><strong>Uma Medida Antichinesa?<\/strong><br \/>\nEmbora a medida seja tecnicamente &#8220;neutra&#8221; e se aplique a encomendas de qualquer origem, o alvo pol\u00edtico e medi\u00e1tico \u00e9 claro: a China e as suas plataformas de e-commerce. A medida insere-se num contexto mais amplo de reavalia\u00e7\u00e3o das rela\u00e7\u00f5es econ\u00f3micas UE-China, que inclui investiga\u00e7\u00f5es por subs\u00eddios, preocupa\u00e7\u00f5es com direitos humanos e depend\u00eancias estrat\u00e9gicas. A taxa\u00e7\u00e3o das pequenas encomendas \u00e9, assim, a frente mais vis\u00edvel e di\u00e1ria desta nova postura comercial defensiva.<\/p>\n<p><strong>Um Novo Paradigma com Custos<\/strong><br \/>\nA aprova\u00e7\u00e3o desta taxa alfandeg\u00e1ria simboliza o fim da era de um com\u00e9rcio global sem atritos para o cidad\u00e3o comum. A UE, ao desmantelar a isen\u00e7\u00e3o dos 150\u20ac, escolhe prioritariamente proteger a sua base industrial e arrecadar receitas, aceitando o custo pol\u00edtico de um consumo mais caro. A medida pode, de facto, for\u00e7ar uma maior internaliza\u00e7\u00e3o das cadeias de abastecimento e oferecer um f\u00f4lego aos retalhistas europeus. No entanto, como bem aponta a cr\u00edtica, o risco de ser percebida como mais um imposto disfar\u00e7ado, que beneficia o Estado sob o manto de uma narrativa geopol\u00edtica, \u00e9 real. A partir de julho de 2026, o pre\u00e7o da globaliza\u00e7\u00e3o, at\u00e9 para a mais pequena encomenda, ter\u00e1 um custo mais vis\u00edvel: 3 euros.<\/p>\n<p><strong>Ant\u00f3nio da Cunha Duarte Justo<\/strong><\/p>\n<p>Pegadas do Tempo<\/p>\n","protected":false},"excerpt":{"rendered":"<p>Protecionismo, Receita fiscal ou uma Medida contra a China? Num movimento que marca uma viragem significativa na pol\u00edtica comercial europeia, os Estados-Membros da Uni\u00e3o Europeia aprovaram a imposi\u00e7\u00e3o de taxas alfandeg\u00e1rias sobre todas as importa\u00e7\u00f5es, incluindo pequenas encomendas com valor inferior a 150\u20ac. A partir de julho de 2026, estas encomendas, at\u00e9 agora isentas, estar\u00e3o &hellip; <a href=\"https:\/\/antonio-justo.eu\/?p=10489\" class=\"more-link\">Continuar a ler <span class=\"screen-reader-text\">A NOVA BARREIRA ALFANDEG\u00c1RIA DA UE<\/span><\/a><\/p>\n","protected":false},"author":1,"featured_media":0,"comment_status":"open","ping_status":"open","sticky":false,"template":"","format":"standard","meta":{"sfsi_plus_gutenberg_text_before_share":"","sfsi_plus_gutenberg_show_text_before_share":"","sfsi_plus_gutenberg_icon_type":"","sfsi_plus_gutenberg_icon_alignemt":"","sfsi_plus_gutenburg_max_per_row":"","footnotes":""},"categories":[14,7,16],"tags":[],"class_list":["post-10489","post","type-post","status-publish","format-standard","hentry","category-economia","category-politica","category-sociedade"],"_links":{"self":[{"href":"https:\/\/antonio-justo.eu\/index.php?rest_route=\/wp\/v2\/posts\/10489","targetHints":{"allow":["GET"]}}],"collection":[{"href":"https:\/\/antonio-justo.eu\/index.php?rest_route=\/wp\/v2\/posts"}],"about":[{"href":"https:\/\/antonio-justo.eu\/index.php?rest_route=\/wp\/v2\/types\/post"}],"author":[{"embeddable":true,"href":"https:\/\/antonio-justo.eu\/index.php?rest_route=\/wp\/v2\/users\/1"}],"replies":[{"embeddable":true,"href":"https:\/\/antonio-justo.eu\/index.php?rest_route=%2Fwp%2Fv2%2Fcomments&post=10489"}],"version-history":[{"count":1,"href":"https:\/\/antonio-justo.eu\/index.php?rest_route=\/wp\/v2\/posts\/10489\/revisions"}],"predecessor-version":[{"id":10490,"href":"https:\/\/antonio-justo.eu\/index.php?rest_route=\/wp\/v2\/posts\/10489\/revisions\/10490"}],"wp:attachment":[{"href":"https:\/\/antonio-justo.eu\/index.php?rest_route=%2Fwp%2Fv2%2Fmedia&parent=10489"}],"wp:term":[{"taxonomy":"category","embeddable":true,"href":"https:\/\/antonio-justo.eu\/index.php?rest_route=%2Fwp%2Fv2%2Fcategories&post=10489"},{"taxonomy":"post_tag","embeddable":true,"href":"https:\/\/antonio-justo.eu\/index.php?rest_route=%2Fwp%2Fv2%2Ftags&post=10489"}],"curies":[{"name":"wp","href":"https:\/\/api.w.org\/{rel}","templated":true}]}}