{"id":10486,"date":"2025-12-12T22:44:23","date_gmt":"2025-12-12T21:44:23","guid":{"rendered":"https:\/\/antonio-justo.eu\/?p=10486"},"modified":"2025-12-12T22:44:23","modified_gmt":"2025-12-12T21:44:23","slug":"a-decisao-de-emergencia-da-ue-sobre-ativos-russos-exige-vigilancia-do-cidadao","status":"publish","type":"post","link":"https:\/\/antonio-justo.eu\/?p=10486","title":{"rendered":"A DECIS\u00c3O DE EMERG\u00caNCIA DA UE SOBRE ATIVOS RUSSOS EXIGE VIGIL\u00c2NCIA DO CIDAD\u00c3O"},"content":{"rendered":"<p><strong>Introdu\u00e7\u00e3o: Um Precedente Perigoso<\/strong><br \/>\nA recente decis\u00e3o da Uni\u00e3o Europeia de manter imobilizados os ativos do Banco Central da R\u00fassia, baseada numa cl\u00e1usula de \u201cemerg\u00eancia econ\u00f3mica\u201d, consolida um padr\u00e3o preocupante porque arbitr\u00e1rio. Este mecanismo, justificado como excecional, permite <strong>contornar a <\/strong><strong>regra da unanimidade<\/strong> entre Estados-Membros, princ\u00edpio fundador que garante equil\u00edbrio e soberania dentro do bloco. A pr\u00e1tica, j\u00e1 testada durante a pandemia de COVID-19, revela como a classifica\u00e7\u00e3o de uma situa\u00e7\u00e3o como \u201cemerg\u00eancia\u201d serve frequentemente de <strong>pretexto para decis\u00f5es pol\u00edticas r\u00e1pidas, pouco escrutinadas e potencialmente arbitr\u00e1rias<\/strong><strong>.<\/strong><\/p>\n<p><strong>O Equil\u00edbrio Perdido: Seguran\u00e7a contra Soberania<\/strong><br \/>\nEste caso vai al\u00e9m do ju\u00edzo sobre a R\u00fassia e coloca uma quest\u00e3o fundamental<strong>: <\/strong><strong>qual \u00e9 o equil\u00edbrio adequado entre medidas de seguran\u00e7a econ\u00f3mica ou estrat\u00e9gica e os princ\u00edpios de propriedade privada e soberania financeira?<\/strong> E, sobretudo, <strong>quem decide esse equil\u00edbrio, e com que mandato?<\/strong> O que hoje se aplica a ativos russos pode, amanh\u00e3, justificar o bloqueio de contas de qualquer cidad\u00e3o ou Estado sob nova \u201cemerg\u00eancia\u201d. A arrog\u00e2ncia do poder, a pretexto do COVID e da Guerra, est\u00e1 a corroer as garantias legais e a tornar-se insuport\u00e1vel para cidad\u00e3os conscientes.<\/p>\n<p><strong>Geopol\u00edtica na UE: A Lei do Mais Forte<\/strong><br \/>\nA guerra na Ucr\u00e2nia evidenciou, de forma crua, as divis\u00f5es geopol\u00edticas na Europa. Em vez de uma resposta verdadeiramente coletiva, assistiu-se ao <strong>oportunismo de uma Europa dividida<\/strong><strong>,<\/strong> onde os interesses das grandes pot\u00eancias, notadamente o n\u00facleo da <strong>E-3 <\/strong><strong>(Alemanha, Fran\u00e7a e, outrora, o Reino Unido)<\/strong>, frequentemente se sobrep\u00f5em aos dos demais Estados-membros. Para impor os seus interesses, estas pot\u00eancias recorreram ao estratagema da \u201cemerg\u00eancia\u201d, suspendendo o compromisso da unanimidade e, com ele, o principal mecanismo de prote\u00e7\u00e3o das soberanias nacionais mais pequenas.<\/p>\n<p><strong>Os Pequenos Estados: Campo de Batalha das Pot\u00eancias<\/strong><br \/>\nEsta din\u00e2mica segue a l\u00f3gica da <strong>\u201clei do mais forte\u201d<\/strong><strong>,<\/strong> que s\u00f3 \u00e9 contida por um poder equivalente. Na sua aus\u00eancia, os pa\u00edses menores tornam-<strong>se o <\/strong><strong>campo de batalha onde as pot\u00eancias disputam influ\u00eancia<\/strong><strong>,<\/strong> vendo-se obrigados a \u201cp\u00f4r-se em bicos de p\u00e9s\u201d para se alinharem com os grandes. Essa posi\u00e7\u00e3o \u00e9 inst\u00e1vel e leva <strong>\u00e0 <\/strong><strong>abdica\u00e7\u00e3o dos seus pr\u00f3prios interesses nacionais<\/strong><strong>,<\/strong> como se observa no isolamento imposto a pa\u00edses como a Hungria quando ousam divergir. O fraco \u00e9 instrumentalizado, e a solidariedade europeia revela-se seletiva.<\/p>\n<p><strong>Consequ\u00eancias: Eros\u00e3o da Confian\u00e7a e Danos Colaterais<\/strong><br \/>\nO congelamento prolongado de ativos soberanos, agora normalizado como procedimento autom\u00e1tico, fragiliza a confian\u00e7a no sistema financeiro internacional e levanta s\u00e9rias d\u00favidas sobre a <strong>proporcionalidade e a transpar\u00eancia das institui\u00e7\u00f5es da UE<\/strong><strong>.<\/strong> Al\u00e9m disso, o recurso crescente a san\u00e7\u00f5es econ\u00f3micas como instrumento pol\u00edtico raramente atinge apenas as elites; os danos espalham-se maleficamente por sociedades inteiras, afetando cidad\u00e3os comuns tanto do lado sancionado como do lado sancionador. A hist\u00f3ria mostra que os conflitos s\u00e3o muitas vezes alimentados por elites, mas os custos s\u00e3o invariavelmente distribu\u00eddos pelos povos.<\/p>\n<p><strong>Conclus\u00e3o: O Imperativo da Vigil\u00e2ncia C\u00edvica<\/strong><br \/>\nNum momento em que decis\u00f5es cruciais s\u00e3o tomadas em nome da Europa, \u00e9 fundamental que os cidad\u00e3os mantenham um <strong>esp\u00edrito cr\u00edtico agu\u00e7ado<\/strong> e exijam transpar\u00eancia absoluta. \u00c9 urgente recordar aos representantes que a democracia n\u00e3o pode degenerar num <strong>governo <\/strong><strong>tecnocr\u00e1tico, autorit\u00e1rio e opaco<\/strong><strong>,<\/strong> desligado do bem comum. A <strong>vigil\u00e2ncia c\u00edvica<\/strong> \u00e9 o \u00faltimo garante contra a corros\u00e3o da democracia, das liberdades e o abuso de poder. N\u00e3o podemos permitir que \u201cemerg\u00eancia\u201d se torne sin\u00f3nimo de <strong>arbitrariedade institucionalizada<\/strong><strong>.<\/strong><\/p>\n<p><strong>Ant\u00f3nio da Cunha Duarte Justo<\/strong><\/p>\n<p>Pegadas do Tempo<\/p>\n","protected":false},"excerpt":{"rendered":"<p>Introdu\u00e7\u00e3o: Um Precedente Perigoso A recente decis\u00e3o da Uni\u00e3o Europeia de manter imobilizados os ativos do Banco Central da R\u00fassia, baseada numa cl\u00e1usula de \u201cemerg\u00eancia econ\u00f3mica\u201d, consolida um padr\u00e3o preocupante porque arbitr\u00e1rio. Este mecanismo, justificado como excecional, permite contornar a regra da unanimidade entre Estados-Membros, princ\u00edpio fundador que garante equil\u00edbrio e soberania dentro do bloco. &hellip; <a href=\"https:\/\/antonio-justo.eu\/?p=10486\" class=\"more-link\">Continuar a ler <span class=\"screen-reader-text\">A DECIS\u00c3O DE EMERG\u00caNCIA DA UE SOBRE ATIVOS RUSSOS EXIGE VIGIL\u00c2NCIA DO CIDAD\u00c3O<\/span><\/a><\/p>\n","protected":false},"author":1,"featured_media":0,"comment_status":"open","ping_status":"open","sticky":false,"template":"","format":"standard","meta":{"sfsi_plus_gutenberg_text_before_share":"","sfsi_plus_gutenberg_show_text_before_share":"","sfsi_plus_gutenberg_icon_type":"","sfsi_plus_gutenberg_icon_alignemt":"","sfsi_plus_gutenburg_max_per_row":"","footnotes":""},"categories":[15,14,7,16],"tags":[],"class_list":["post-10486","post","type-post","status-publish","format-standard","hentry","category-cultura","category-economia","category-politica","category-sociedade"],"_links":{"self":[{"href":"https:\/\/antonio-justo.eu\/index.php?rest_route=\/wp\/v2\/posts\/10486","targetHints":{"allow":["GET"]}}],"collection":[{"href":"https:\/\/antonio-justo.eu\/index.php?rest_route=\/wp\/v2\/posts"}],"about":[{"href":"https:\/\/antonio-justo.eu\/index.php?rest_route=\/wp\/v2\/types\/post"}],"author":[{"embeddable":true,"href":"https:\/\/antonio-justo.eu\/index.php?rest_route=\/wp\/v2\/users\/1"}],"replies":[{"embeddable":true,"href":"https:\/\/antonio-justo.eu\/index.php?rest_route=%2Fwp%2Fv2%2Fcomments&post=10486"}],"version-history":[{"count":1,"href":"https:\/\/antonio-justo.eu\/index.php?rest_route=\/wp\/v2\/posts\/10486\/revisions"}],"predecessor-version":[{"id":10487,"href":"https:\/\/antonio-justo.eu\/index.php?rest_route=\/wp\/v2\/posts\/10486\/revisions\/10487"}],"wp:attachment":[{"href":"https:\/\/antonio-justo.eu\/index.php?rest_route=%2Fwp%2Fv2%2Fmedia&parent=10486"}],"wp:term":[{"taxonomy":"category","embeddable":true,"href":"https:\/\/antonio-justo.eu\/index.php?rest_route=%2Fwp%2Fv2%2Fcategories&post=10486"},{"taxonomy":"post_tag","embeddable":true,"href":"https:\/\/antonio-justo.eu\/index.php?rest_route=%2Fwp%2Fv2%2Ftags&post=10486"}],"curies":[{"name":"wp","href":"https:\/\/api.w.org\/{rel}","templated":true}]}}