{"id":10484,"date":"2025-12-12T21:15:14","date_gmt":"2025-12-12T20:15:14","guid":{"rendered":"https:\/\/antonio-justo.eu\/?p=10484"},"modified":"2025-12-12T21:15:14","modified_gmt":"2025-12-12T20:15:14","slug":"as-cores-da-amizade-sob-o-arco-da-presenca","status":"publish","type":"post","link":"https:\/\/antonio-justo.eu\/?p=10484","title":{"rendered":"AS CORES DA AMIZADE SOB O ARCO DA PRESEN\u00c7A"},"content":{"rendered":"<p>S\u00f3, sob o arco que une c\u00e9u e ch\u00e3o,<br \/>\nSinto orvalhar em flocos o pensamento.<br \/>\nE com asas de sonho, na amplid\u00e3o,<br \/>\nSigo a aragem suave do tempo.<\/p>\n<p>Solid\u00e3o que em mim se torna vaso<br \/>\nOnde o mar pousa a sua voz profunda,<br \/>\nE anjos, sem rumor, num doce caso ,<br \/>\nMinha tristeza com meus amigos embalam.<\/p>\n<p>Na amizade que \u00e9 filha do bem-querer,<br \/>\nSinto o lugar quieto onde Deus habita.<br \/>\nPorta aberta para se ser e ter,<br \/>\nOnde a felicidade, livre, palpita.<\/p>\n<p>&#8211; Cora\u00e7\u00f5es de portas escancaradas,<br \/>\nCultivai a amizade, a partilha pura,<br \/>\nCuja ternura, por estradas delicadas,<br \/>\nVem da estima, do afeto, da do\u00e7ura!<\/p>\n<p>Ela \u00e9 o abanador na lareira da vida<br \/>\nQue aviva a brasa da exist\u00eancia,<br \/>\nPara que cada qual, na chama acendida,<br \/>\nRespeite e sinta a pr\u00f3pria ess\u00eancia.<\/p>\n<p>Vencer\u00e1 o mal-querer, embora ele<br \/>\nSe empoleire nos altos do poder.<br \/>\n\u00c9 energia que em n\u00f3s se revela,<br \/>\nAsa que salva e sust\u00e9m no querer.<\/p>\n<p>No teu sorrir, o sol aquece e alumia<br \/>\nO caminho que trilho, claro ou obscuro.<br \/>\nNo teu sorrir, a alegria que \u00e9 minha<br \/>\nEncontra um lago puro, num colo seguro.<\/p>\n<p>Amizade \u00e9 amor, que fica depois<br \/>\nDa dor, no rotineiro da exist\u00eancia (1).<br \/>\nRef\u00fagio das intemp\u00e9ries e dos bojos<br \/>\nQue o destino traz na sua inclem\u00eancia.<\/p>\n<p>H\u00e1 a calorosa, que desce connosco<br \/>\n\u00c0 adega escura e forte da jornada.<br \/>\nH\u00e1 a do &#8220;v\u00e1 com Deus&#8221;, leve e veloz,<br \/>\nNa despedida ligeira e apressada.<\/p>\n<p>E h\u00e1 momentos em que o peso, mais denso,<br \/>\nFaz brotar no peito uma saudade:<br \/>\nE sinto-me, ent\u00e3o, no rega\u00e7o imenso,<br \/>\nDa viv\u00eancia silenciosa da Amizade.<\/p>\n<p><strong>Ant\u00f3nio da Cunha Duarte Justo<\/strong><\/p>\n<p>Pegadas do Tempo<\/p>\n<p>(1) Aqui recordo o dia em que as alian\u00e7as ca\u00edram dos dedos.<\/p>\n<p class=\"ds-markdown-paragraph\">E o vazio que fica no dedo<br \/>\n\u00e9 a mem\u00f3ria do abra\u00e7o que ali cabia:<br \/>\num aro de promessa, afrouxado,<br \/>\nat\u00e9 que a pele esqueceu seu nome.<\/p>\n<p class=\"ds-markdown-paragraph\">Assim recordo: n\u00e3o a queda, mas o instante<br \/>\nem que o dedo reconheceu, por fim,<br \/>\nque era apenas dedo e n\u00e3o altar,<br \/>\nnem jura, nem ponte para outro corpo.<\/p>\n","protected":false},"excerpt":{"rendered":"<p>S\u00f3, sob o arco que une c\u00e9u e ch\u00e3o, Sinto orvalhar em flocos o pensamento. E com asas de sonho, na amplid\u00e3o, Sigo a aragem suave do tempo. Solid\u00e3o que em mim se torna vaso Onde o mar pousa a sua voz profunda, E anjos, sem rumor, num doce caso , Minha tristeza com meus &hellip; <a href=\"https:\/\/antonio-justo.eu\/?p=10484\" class=\"more-link\">Continuar a ler <span class=\"screen-reader-text\">AS CORES DA AMIZADE SOB O ARCO DA PRESEN\u00c7A<\/span><\/a><\/p>\n","protected":false},"author":1,"featured_media":0,"comment_status":"open","ping_status":"open","sticky":false,"template":"","format":"standard","meta":{"sfsi_plus_gutenberg_text_before_share":"","sfsi_plus_gutenberg_show_text_before_share":"","sfsi_plus_gutenberg_icon_type":"","sfsi_plus_gutenberg_icon_alignemt":"","sfsi_plus_gutenburg_max_per_row":"","footnotes":""},"categories":[3,8,16],"tags":[],"class_list":["post-10484","post","type-post","status-publish","format-standard","hentry","category-arte","category-religiao","category-sociedade"],"_links":{"self":[{"href":"https:\/\/antonio-justo.eu\/index.php?rest_route=\/wp\/v2\/posts\/10484","targetHints":{"allow":["GET"]}}],"collection":[{"href":"https:\/\/antonio-justo.eu\/index.php?rest_route=\/wp\/v2\/posts"}],"about":[{"href":"https:\/\/antonio-justo.eu\/index.php?rest_route=\/wp\/v2\/types\/post"}],"author":[{"embeddable":true,"href":"https:\/\/antonio-justo.eu\/index.php?rest_route=\/wp\/v2\/users\/1"}],"replies":[{"embeddable":true,"href":"https:\/\/antonio-justo.eu\/index.php?rest_route=%2Fwp%2Fv2%2Fcomments&post=10484"}],"version-history":[{"count":1,"href":"https:\/\/antonio-justo.eu\/index.php?rest_route=\/wp\/v2\/posts\/10484\/revisions"}],"predecessor-version":[{"id":10485,"href":"https:\/\/antonio-justo.eu\/index.php?rest_route=\/wp\/v2\/posts\/10484\/revisions\/10485"}],"wp:attachment":[{"href":"https:\/\/antonio-justo.eu\/index.php?rest_route=%2Fwp%2Fv2%2Fmedia&parent=10484"}],"wp:term":[{"taxonomy":"category","embeddable":true,"href":"https:\/\/antonio-justo.eu\/index.php?rest_route=%2Fwp%2Fv2%2Fcategories&post=10484"},{"taxonomy":"post_tag","embeddable":true,"href":"https:\/\/antonio-justo.eu\/index.php?rest_route=%2Fwp%2Fv2%2Ftags&post=10484"}],"curies":[{"name":"wp","href":"https:\/\/api.w.org\/{rel}","templated":true}]}}