{"id":10376,"date":"2025-10-15T23:55:09","date_gmt":"2025-10-15T22:55:09","guid":{"rendered":"https:\/\/antonio-justo.eu\/?p=10376"},"modified":"2025-10-16T00:25:25","modified_gmt":"2025-10-15T23:25:25","slug":"relacoes","status":"publish","type":"post","link":"https:\/\/antonio-justo.eu\/?p=10376","title":{"rendered":"NO FOCO DAS RELA\u00c7\u00d5ES"},"content":{"rendered":"<p>Sou feito de mim mesmo e em tudo o que me forma,<br \/>\nsou rio que nasce da fonte e no leito que o acolhe.<br \/>\nEntre o que sou, a minha ipseidade, n\u00facleo ardente,<br \/>\ne o que o mundo exige que eu seja, tecel\u00e3o implac\u00e1vel,<br \/>\nergue-se o espa\u00e7o sagrado do poss\u00edvel:<br \/>\nser o que posso ser, no ser que habito.<\/p>\n<p>N\u00e3o sou ess\u00eancia isolada,<br \/>\npedra muda no deserto do ser,<br \/>\nnem fruto cego do acaso,<br \/>\nfolha que o vento arrasta sem mem\u00f3ria.<\/p>\n<p>Sou o intervalo vivo, entre os contr\u00e1rios:<br \/>\ntrov\u00e3o, sil\u00eancio, toque, vento e queda,\u00a0 \u00a0 \u00a0 \u00a0 \u00a0 \u00a0 \u00a0 \u00a0 \u00a0 \u00a0 \u00a0 \u00a0 \u00a0 \u00a0 \u00a0 \u00a0 \u00a0 \u00a0 \u00a0 \u00a0 \u00a0 \u00a0 \u00a0 \u00a0 \u00a0 \u00a0 \u00a0 \u00a0 \u00a0 \u00a0 \u00a0 \u00a0 \u00a0 \u00a0 \u00a0 \u00a0 \u00a0 \u00a0 \u00a0 \u00a0 \u00a0 \u00a0 \u00a0 \u00a0 \u00a0 \u00a0 \u00a0 \u00a0 \u00a0 \u00a0 \u00a0 \u00a0 \u00a0 \u00a0 \u00a0 \u00a0 \u00a0 \u00a0 \u00a0 \u00a0 \u00a0 \u00a0 \u00a0 \u00a0 \u00a0 \u00a0 \u00a0 \u00a0 \u00a0 \u00a0 \u00a0 \u00a0 \u00a0 \u00a0 \u00a0 \u00a0 \u00a0 \u00a0 \u00a0 \u00a0 \u00a0 \u00a0 \u00a0 \u00a0 \u00a0 \u00a0 \u00a0 \u00a0 \u00a0 \u00a0 \u00a0 \u00a0 \u00a0 \u00a0 \u00a0 \u00a0 \u00a0 \u00a0 \u00a0 \u00a0 \u00a0 \u00a0 \u00a0 \u00a0 \u00a0 \u00a0 \u00a0 \u00a0 \u00a0 \u00a0 \u00a0 \u00a0 \u00a0 \u00a0 que em dan\u00e7a torno em voo e em canto novo.<\/p>\n<p>Sou o instante gr\u00e1vido de sentido<br \/>\nonde a liberdade toca o destino<br \/>\ne ambos se olham, no gesto que os re\u00fane:<\/p>\n<p>flor que desabrocha \u00e0 luz da mesma terra,\u00a0 \u00a0 \u00a0 \u00a0 \u00a0 \u00a0 \u00a0 \u00a0 \u00a0 \u00a0 \u00a0 \u00a0 \u00a0 \u00a0 \u00a0 \u00a0 \u00a0 \u00a0 \u00a0 \u00a0 \u00a0 \u00a0 \u00a0 \u00a0 \u00a0 \u00a0 \u00a0 \u00a0 \u00a0 \u00a0 \u00a0 \u00a0 \u00a0 \u00a0 flor que desabrocha \u00e0 luz da mesma terra,\u00a0 \u00a0 \u00a0 \u00a0 \u00a0 \u00a0 \u00a0 \u00a0 \u00a0 \u00a0 \u00a0 \u00a0 \u00a0 \u00a0 \u00a0 \u00a0 \u00a0 \u00a0 \u00a0 \u00a0 \u00a0 \u00a0 \u00a0 \u00a0 \u00a0 \u00a0 \u00a0 \u00a0 \u00a0 \u00a0 \u00a0 \u00a0 \u00a0 \u00a0 \u00a0 sabendo o c\u00e9u que a fez e a sust\u00e9m viva.<\/p>\n<p>Assim caminho, no meio do que me \u00e9 dado,<br \/>\nnem servo das estrelas, nem dono da manh\u00e3.<br \/>\nSigo no fio tenso entre o que herdo<br \/>\ne o que em mim refa\u00e7o, autor e argila,<br \/>\npoema inacabado que me escreve.<\/p>\n<p>Porque ser \u00e9 mover-se,<br \/>\nverbo em combust\u00e3o,<br \/>\nresposta \u00e0 voz do mundo que pergunta.<br \/>\nE nesse jogo antigo, entre o que \u00e9 eu<br \/>\ne o que me \u00e9 outro, origem e infinito,<br \/>\nnasce o milagre humano do equil\u00edbrio:<\/p>\n<p>a liberdade que dan\u00e7a entre as correntes,<br \/>\ne faz delas asas que levantam.<br \/>\nNo ritmo trino do que \u00e9 dom e entrega,<br \/>\namor que se reparte e se refunde,<br \/>\nc\u00edrculo aberto ao eterno, pura rela\u00e7\u00e3o.<\/p>\n<p><strong>Ant\u00f3nio da Cunha Duarte Justo<\/strong><\/p>\n<p>Pegadas do Tempo<\/p>\n<p>&nbsp;<\/p>\n","protected":false},"excerpt":{"rendered":"<p>Sou feito de mim mesmo e em tudo o que me forma, sou rio que nasce da fonte e no leito que o acolhe. Entre o que sou, a minha ipseidade, n\u00facleo ardente, e o que o mundo exige que eu seja, tecel\u00e3o implac\u00e1vel, ergue-se o espa\u00e7o sagrado do poss\u00edvel: ser o que posso ser, &hellip; <a href=\"https:\/\/antonio-justo.eu\/?p=10376\" class=\"more-link\">Continuar a ler <span class=\"screen-reader-text\">NO FOCO DAS RELA\u00c7\u00d5ES<\/span><\/a><\/p>\n","protected":false},"author":1,"featured_media":0,"comment_status":"open","ping_status":"open","sticky":false,"template":"","format":"standard","meta":{"sfsi_plus_gutenberg_text_before_share":"","sfsi_plus_gutenberg_show_text_before_share":"","sfsi_plus_gutenberg_icon_type":"","sfsi_plus_gutenberg_icon_alignemt":"","sfsi_plus_gutenburg_max_per_row":"","footnotes":""},"categories":[3,15],"tags":[],"class_list":["post-10376","post","type-post","status-publish","format-standard","hentry","category-arte","category-cultura"],"_links":{"self":[{"href":"https:\/\/antonio-justo.eu\/index.php?rest_route=\/wp\/v2\/posts\/10376","targetHints":{"allow":["GET"]}}],"collection":[{"href":"https:\/\/antonio-justo.eu\/index.php?rest_route=\/wp\/v2\/posts"}],"about":[{"href":"https:\/\/antonio-justo.eu\/index.php?rest_route=\/wp\/v2\/types\/post"}],"author":[{"embeddable":true,"href":"https:\/\/antonio-justo.eu\/index.php?rest_route=\/wp\/v2\/users\/1"}],"replies":[{"embeddable":true,"href":"https:\/\/antonio-justo.eu\/index.php?rest_route=%2Fwp%2Fv2%2Fcomments&post=10376"}],"version-history":[{"count":5,"href":"https:\/\/antonio-justo.eu\/index.php?rest_route=\/wp\/v2\/posts\/10376\/revisions"}],"predecessor-version":[{"id":10381,"href":"https:\/\/antonio-justo.eu\/index.php?rest_route=\/wp\/v2\/posts\/10376\/revisions\/10381"}],"wp:attachment":[{"href":"https:\/\/antonio-justo.eu\/index.php?rest_route=%2Fwp%2Fv2%2Fmedia&parent=10376"}],"wp:term":[{"taxonomy":"category","embeddable":true,"href":"https:\/\/antonio-justo.eu\/index.php?rest_route=%2Fwp%2Fv2%2Fcategories&post=10376"},{"taxonomy":"post_tag","embeddable":true,"href":"https:\/\/antonio-justo.eu\/index.php?rest_route=%2Fwp%2Fv2%2Ftags&post=10376"}],"curies":[{"name":"wp","href":"https:\/\/api.w.org\/{rel}","templated":true}]}}