{"id":10134,"date":"2025-07-24T11:39:25","date_gmt":"2025-07-24T10:39:25","guid":{"rendered":"https:\/\/antonio-justo.eu\/?p=10134"},"modified":"2025-07-24T11:47:04","modified_gmt":"2025-07-24T10:47:04","slug":"nas-sombras-do-carmelo-de-coimbra","status":"publish","type":"post","link":"https:\/\/antonio-justo.eu\/?p=10134","title":{"rendered":"NAS SOMBRAS DO CARMELO DE COIMBRA"},"content":{"rendered":"<p><strong>(A sorver a m\u00edstica do g\u00e9nio crist\u00e3o)<\/strong><\/p>\n<p>&nbsp;<\/p>\n<p>Miniatura sou do Universo criado,<\/p>\n<p>espelho quebrado onde Deus se contempla,<\/p>\n<p>gota que transporta o mar sem o conter,<\/p>\n<p>p\u00f3 da terra a arder com sede do Infinito.<\/p>\n<p>&nbsp;<\/p>\n<p>Na carne fr\u00e1gil que me delimita,<\/p>\n<p>arde-me o eco do Verbo Encarnado,<\/p>\n<p>e o limite que me cerra \u00e9 o mesmo<\/p>\n<p>que me abre ao abismo do Seu Mist\u00e9rio.<\/p>\n<p>Pois sei, na viv\u00eancia sentida,<\/p>\n<p>que o corpo \u00e9 c\u00e1rcere e sacr\u00e1rio,<\/p>\n<p>e que a Palavra, feita carne em mim,<\/p>\n<p>n\u00e3o repousa at\u00e9 ser chama consumida,<\/p>\n<p>at\u00e9 ser rio dissolvido no rega\u00e7o de Deus.<\/p>\n<p>&nbsp;<\/p>\n<p>&nbsp;<\/p>\n<p>O masculino e o feminino,<\/p>\n<p>n\u00e3o s\u00e3o vestes da terra, mas sopros do C\u00e9u,<\/p>\n<p>duas faces do Mesmo que n\u00e3o tem rosto,<\/p>\n<p>duas labaredas que se buscam<\/p>\n<p>na noite escura dos sentidos,<\/p>\n<p>no sil\u00eancio onde o Esp\u00edrito fala.<\/p>\n<p>O fogo que delimita, que penetra, que protege,<\/p>\n<p>\u00e9 o selo do Cristo sobre o meu ser.<\/p>\n<p>O rio que acolhe, que dissolve, que nutre,<\/p>\n<p>\u00e9 o seio materno do Mist\u00e9rio,<\/p>\n<p>onde me perco e me encontro,<\/p>\n<p>onde me anulo e renas\u00e7o.<\/p>\n<p>&nbsp;<\/p>\n<p>E eu, pequeno, finito na sombra,<\/p>\n<p>sou parte dessa dan\u00e7a,<\/p>\n<p>sou barro que geme sob o peso da Luz,<\/p>\n<p>sou sede insaci\u00e1vel do que me ultrapassa,<\/p>\n<p>sou carne em combate com a promessa,<\/p>\n<p>sou verbo em gesta\u00e7\u00e3o,<\/p>\n<p>sou l\u00e1grima e riso no parto da Eternidade.<\/p>\n<p>&nbsp;<\/p>\n<p>&nbsp;<\/p>\n<p>Ah, se o mundo atendesse<\/p>\n<p>E os ventos gritassem<\/p>\n<p>que no seio ferido da mulher esquecida,<\/p>\n<p>Deus planta a sua tenda,<\/p>\n<p>e que o feminino n\u00e3o \u00e9 sombra, mas sagrado,<\/p>\n<p>n\u00e3o o calariam, nem o negariam,<\/p>\n<p>antes cairiam de joelhos,<\/p>\n<p>porque onde o ventre acolhe,<\/p>\n<p>o Esp\u00edrito sopra,<\/p>\n<p>e onde a carne se curva,<\/p>\n<p>o Verbo habita.<\/p>\n<p>&nbsp;<\/p>\n<p>&nbsp;<\/p>\n<p>Que se calem os ju\u00edzos do mundo,<\/p>\n<p>eu encontrei o meu Cristo:<\/p>\n<p>Ele faz-Se limite para habitar-me,<\/p>\n<p>eu fa\u00e7o-me nada para O possuir.<\/p>\n<p>E no abra\u00e7o que excede o corpo e o tempo,<\/p>\n<p>sou ferido pela lan\u00e7a do Fogo,<\/p>\n<p>sou dilu\u00eddo no rio da Miseric\u00f3rdia,<\/p>\n<p>sou, na minha territude,<\/p>\n<p>a miniatura do Universo reconciliado,<\/p>\n<p>a centelha perdida que o Amor recolhe,<\/p>\n<p>a carne que j\u00e1 n\u00e3o teme ser barro,<\/p>\n<p>pois \u00e9 no limite que Deus Se revela,<\/p>\n<p>\u00e9 no limite que Deus me consome.<\/p>\n<p><strong>Ant\u00f3nio da Cunha Duarte Justo<\/strong><\/p>\n<p>Pegadas do Tempo<\/p>\n<p>https:\/\/poesiajusto.blogspot.com\/<\/p>\n","protected":false},"excerpt":{"rendered":"<p>(A sorver a m\u00edstica do g\u00e9nio crist\u00e3o) &nbsp; Miniatura sou do Universo criado, espelho quebrado onde Deus se contempla, gota que transporta o mar sem o conter, p\u00f3 da terra a arder com sede do Infinito. &nbsp; Na carne fr\u00e1gil que me delimita, arde-me o eco do Verbo Encarnado, e o limite que me cerra &hellip; <a href=\"https:\/\/antonio-justo.eu\/?p=10134\" class=\"more-link\">Continuar a ler <span class=\"screen-reader-text\">NAS SOMBRAS DO CARMELO DE COIMBRA<\/span><\/a><\/p>\n","protected":false},"author":1,"featured_media":0,"comment_status":"open","ping_status":"open","sticky":false,"template":"","format":"standard","meta":{"sfsi_plus_gutenberg_text_before_share":"","sfsi_plus_gutenberg_show_text_before_share":"","sfsi_plus_gutenberg_icon_type":"","sfsi_plus_gutenberg_icon_alignemt":"","sfsi_plus_gutenburg_max_per_row":"","footnotes":""},"categories":[3,15,5,8],"tags":[],"class_list":["post-10134","post","type-post","status-publish","format-standard","hentry","category-arte","category-cultura","category-escola","category-religiao"],"_links":{"self":[{"href":"https:\/\/antonio-justo.eu\/index.php?rest_route=\/wp\/v2\/posts\/10134","targetHints":{"allow":["GET"]}}],"collection":[{"href":"https:\/\/antonio-justo.eu\/index.php?rest_route=\/wp\/v2\/posts"}],"about":[{"href":"https:\/\/antonio-justo.eu\/index.php?rest_route=\/wp\/v2\/types\/post"}],"author":[{"embeddable":true,"href":"https:\/\/antonio-justo.eu\/index.php?rest_route=\/wp\/v2\/users\/1"}],"replies":[{"embeddable":true,"href":"https:\/\/antonio-justo.eu\/index.php?rest_route=%2Fwp%2Fv2%2Fcomments&post=10134"}],"version-history":[{"count":2,"href":"https:\/\/antonio-justo.eu\/index.php?rest_route=\/wp\/v2\/posts\/10134\/revisions"}],"predecessor-version":[{"id":10136,"href":"https:\/\/antonio-justo.eu\/index.php?rest_route=\/wp\/v2\/posts\/10134\/revisions\/10136"}],"wp:attachment":[{"href":"https:\/\/antonio-justo.eu\/index.php?rest_route=%2Fwp%2Fv2%2Fmedia&parent=10134"}],"wp:term":[{"taxonomy":"category","embeddable":true,"href":"https:\/\/antonio-justo.eu\/index.php?rest_route=%2Fwp%2Fv2%2Fcategories&post=10134"},{"taxonomy":"post_tag","embeddable":true,"href":"https:\/\/antonio-justo.eu\/index.php?rest_route=%2Fwp%2Fv2%2Ftags&post=10134"}],"curies":[{"name":"wp","href":"https:\/\/api.w.org\/{rel}","templated":true}]}}