{"id":10063,"date":"2025-06-12T23:06:14","date_gmt":"2025-06-12T22:06:14","guid":{"rendered":"https:\/\/antonio-justo.eu\/?p=10063"},"modified":"2025-06-12T23:06:33","modified_gmt":"2025-06-12T22:06:33","slug":"extremismo-e-polarizacao-social-na-alemanha","status":"publish","type":"post","link":"https:\/\/antonio-justo.eu\/?p=10063","title":{"rendered":"EXTREMISMO E POLARIZA\u00c7\u00c3O SOCIAL NA ALEMANHA"},"content":{"rendered":"<p><strong>Em 2024, as autoridades alem\u00e3s registaram um total de 57.701 crimes com motiva\u00e7\u00e3o extremista, refletindo um cen\u00e1rio preocupante de radicaliza\u00e7\u00e3o no pa\u00eds. O Gabinete de Protec\u00e7\u00e3o da Constitui\u00e7\u00e3o (BfV) identificou dados alarmantes sobre o extremismo em 2024:<\/strong><\/p>\n<p><strong>Extremismo de direita: 50.250 indiv\u00edduos, dos quais 15.300 s\u00e3o considerados propensos \u00e0 viol\u00eancia.<\/strong><\/p>\n<p><strong>Extremismo isl\u00e2mico: 28.280 pessoas, com 9.540 em risco de adop\u00e7\u00e3o de m\u00e9todos violentos.<\/strong><\/p>\n<p><strong>Extremismo de esquerda: 38.000 activistas, com 11.200 de tend\u00eancias violentas.<\/strong><\/p>\n<p><strong>Tudo isto tem a ver com a polariza\u00e7\u00e3o social e cultura do confronto.<\/strong><\/p>\n<p><strong>O relat\u00f3rio n\u00e3o se limita aos n\u00fameros, alertando tamb\u00e9m para uma degenera\u00e7\u00e3o do clima social. A sociedade alem\u00e3 est\u00e1 cada vez mais dividida, com discursos pol\u00edticos e medi\u00e1ticos que privilegiam o conflito em vez do di\u00e1logo.<\/strong><\/p>\n<p><strong>\u00a0<\/strong><strong>Assiste-se a um reducionismo perigoso: Debates p\u00fablicos s\u00e3o dominados por uma vis\u00e3o manique\u00edsta (&#8220;bem vs. mal&#8221;), ignorando nuances e aprofundando divis\u00f5es.<\/strong><\/p>\n<p><strong>\u00a0<\/strong><strong>Guerra e propaganda: Temas complexos, como conflitos internacionais, s\u00e3o simplificados em &#8220;a favor ou contra&#8221;, eliminando espa\u00e7o para an\u00e1lise cr\u00edtica e objectiva.<\/strong><\/p>\n<p><strong>A falta de coer\u00eancia pol\u00edtica, a hipocrisia, o dogmatismo e o cinismo s\u00e3o factores que alimentam a desconfian\u00e7a e o radicalismo.<\/strong><\/p>\n<p><strong>O relat\u00f3rio da Protec\u00e7\u00e3o Constitucional Alem\u00e3 serve como um alerta urgente: a radicaliza\u00e7\u00e3o e a polariza\u00e7\u00e3o est\u00e3o a corroer a coes\u00e3o social. Para combater o extremismo, \u00e9 essencial promover di\u00e1logo, transpar\u00eancia pol\u00edtica e rejei\u00e7\u00e3o de narrativas simplistas que alimentam o \u00f3dio e fomentam o desequil\u00edbrio.<\/strong><\/p>\n<p><strong>\u00a0<\/strong><strong>Segundo um prov\u00e9rbio alem\u00e3o, &#8220;o peixe come\u00e7a a feder pela cabe\u00e7a&#8221;.<\/strong><\/p>\n<p><strong>Ant\u00f3nio da Cunha Duarte Justo<\/strong><\/p>\n<p><strong>Pegadas do Tempo<\/strong><\/p>\n","protected":false},"excerpt":{"rendered":"<p>Em 2024, as autoridades alem\u00e3s registaram um total de 57.701 crimes com motiva\u00e7\u00e3o extremista, refletindo um cen\u00e1rio preocupante de radicaliza\u00e7\u00e3o no pa\u00eds. O Gabinete de Protec\u00e7\u00e3o da Constitui\u00e7\u00e3o (BfV) identificou dados alarmantes sobre o extremismo em 2024: Extremismo de direita: 50.250 indiv\u00edduos, dos quais 15.300 s\u00e3o considerados propensos \u00e0 viol\u00eancia. Extremismo isl\u00e2mico: 28.280 pessoas, com &hellip; <a href=\"https:\/\/antonio-justo.eu\/?p=10063\" class=\"more-link\">Continuar a ler <span class=\"screen-reader-text\">EXTREMISMO E POLARIZA\u00c7\u00c3O SOCIAL NA ALEMANHA<\/span><\/a><\/p>\n","protected":false},"author":1,"featured_media":0,"comment_status":"open","ping_status":"open","sticky":false,"template":"","format":"standard","meta":{"sfsi_plus_gutenberg_text_before_share":"","sfsi_plus_gutenberg_show_text_before_share":"","sfsi_plus_gutenberg_icon_type":"","sfsi_plus_gutenberg_icon_alignemt":"","sfsi_plus_gutenburg_max_per_row":"","footnotes":""},"categories":[3,15,14,4,6,7,16],"tags":[],"class_list":["post-10063","post","type-post","status-publish","format-standard","hentry","category-arte","category-cultura","category-economia","category-educacao","category-migracao","category-politica","category-sociedade"],"_links":{"self":[{"href":"https:\/\/antonio-justo.eu\/index.php?rest_route=\/wp\/v2\/posts\/10063","targetHints":{"allow":["GET"]}}],"collection":[{"href":"https:\/\/antonio-justo.eu\/index.php?rest_route=\/wp\/v2\/posts"}],"about":[{"href":"https:\/\/antonio-justo.eu\/index.php?rest_route=\/wp\/v2\/types\/post"}],"author":[{"embeddable":true,"href":"https:\/\/antonio-justo.eu\/index.php?rest_route=\/wp\/v2\/users\/1"}],"replies":[{"embeddable":true,"href":"https:\/\/antonio-justo.eu\/index.php?rest_route=%2Fwp%2Fv2%2Fcomments&post=10063"}],"version-history":[{"count":2,"href":"https:\/\/antonio-justo.eu\/index.php?rest_route=\/wp\/v2\/posts\/10063\/revisions"}],"predecessor-version":[{"id":10065,"href":"https:\/\/antonio-justo.eu\/index.php?rest_route=\/wp\/v2\/posts\/10063\/revisions\/10065"}],"wp:attachment":[{"href":"https:\/\/antonio-justo.eu\/index.php?rest_route=%2Fwp%2Fv2%2Fmedia&parent=10063"}],"wp:term":[{"taxonomy":"category","embeddable":true,"href":"https:\/\/antonio-justo.eu\/index.php?rest_route=%2Fwp%2Fv2%2Fcategories&post=10063"},{"taxonomy":"post_tag","embeddable":true,"href":"https:\/\/antonio-justo.eu\/index.php?rest_route=%2Fwp%2Fv2%2Ftags&post=10063"}],"curies":[{"name":"wp","href":"https:\/\/api.w.org\/{rel}","templated":true}]}}