{"id":10051,"date":"2025-06-09T16:51:19","date_gmt":"2025-06-09T15:51:19","guid":{"rendered":"https:\/\/antonio-justo.eu\/?p=10051"},"modified":"2025-06-09T21:23:18","modified_gmt":"2025-06-09T20:23:18","slug":"portugal-em-campo-um-exemplo-que-a-politica-insiste-em-ignorar","status":"publish","type":"post","link":"https:\/\/antonio-justo.eu\/?p=10051","title":{"rendered":"Portugal em Campo: Um Exemplo que a Pol\u00edtica Insiste em Ignorar"},"content":{"rendered":"<p style=\"text-align: center;\"><strong>Selec\u00e7\u00e3o nacional campe\u00e3 da Liga das Na\u00e7\u00f5es da UEFA<\/strong><\/p>\n<p style=\"text-align: center;\"><strong>Portugal brilha em campo, derrotando gigantes como Espanha (1) e Alemanha, com alma, intelig\u00eancia e uni\u00e3o. Fora das quatro linhas do relvado, por\u00e9m, reina o conformismo e a mediocridade: uma pol\u00edtica sem norte, sem paix\u00e3o e sem povo. No futebol vemos uma na\u00e7\u00e3o inspirada, competente e com talento; na pol\u00edtica, um pa\u00eds parado e resignado sempre \u00e0 espera de comando pr\u00f3prio.<\/strong><\/p>\n<p>Nas \u00faltimas partidas da Liga das Na\u00e7\u00f5es, Portugal conquistou duas vit\u00f3rias memor\u00e1veis: primeiro frente \u00e0 Alemanha, depois frente \u00e0 Espanha \u2014 duas pot\u00eancias hist\u00f3ricas do futebol europeu. Em campo, a sele\u00e7\u00e3o nacional mostrou ao mundo aquilo que muitos portugueses j\u00e1 sentem: intelig\u00eancia t\u00e1ctica, esp\u00edrito de equipa, resili\u00eancia, e uma ambi\u00e7\u00e3o que n\u00e3o se esgota com a vit\u00f3ria. Mas mais do que resultados, Portugal demonstrou algo raro nos dias de hoje \u2014 uma uni\u00e3o aut\u00eantica entre os jogadores, os adeptos e a identidade nacional.<\/p>\n<p><strong>Cristiano Ronaldo, mais do que capit\u00e3o, simboliza uma gera\u00e7\u00e3o de futebolistas que n\u00e3o joga apenas por t\u00edtulos, mas por um pa\u00eds. E essa liga\u00e7\u00e3o emocional \u2014 entre os melhores e o povo \u2014 \u00e9 um dos segredos do sucesso. H\u00e1 um la\u00e7o vis\u00edvel entre a elite desportiva e a base popular, algo que se constr\u00f3i com m\u00e9rito, trabalho e verdade.<\/strong> Em tempos de descren\u00e7a generalizada, \u00e9 no futebol que muitos portugueses voltam a sentir o devido orgulho coletivo t\u00e3o menosprezado por ideologias estranhas ao povo e por uma governa\u00e7\u00e3o reduzida a administra\u00e7\u00e3o de agendas e directrizes por vezes estranhas \u00e0 cultura e contra interesses genu\u00ednos do pa\u00eds.<\/p>\n<p>Onde o futebol d\u00e1 li\u00e7\u00f5es de profissionalismo, supera\u00e7\u00e3o e sentido de miss\u00e3o, a pol\u00edtica nacional mostra-se rotineiramente mais conformada, oportunista, estagnada e sem vis\u00e3o. Governantes evitam assumir erros, n\u00e3o se corrigem, n\u00e3o escutam. Em vez de enfrentarem os desafios com coragem e esp\u00edrito de equipa, preferem desculpas hip\u00f3critas, ret\u00f3rica vazia e o velho h\u00e1bito de culpar os outros, na incapacidade de canalizar a energia coletiva do povo para algo produtivo. (Na pol\u00edtica, reina a arte da desculpa e da fuga \u00e0 responsabilidade deixando o pa\u00eds entregue a si pr\u00f3prio. O objetivo parece ser contornar o povo, manter o poder e atribuir culpas aos outros, evitando a todo o custo uma an\u00e1lise s\u00e9ria das causas dos problemas.)<\/p>\n<p><strong>A pol\u00edtica portuguesa transformou-se num campeonato sem concorr\u00eancia s\u00e9ria, onde os partidos, enfraquecidos, produzem l\u00edderes fr\u00e1geis.<\/strong> Falta forma\u00e7\u00e3o, falta exig\u00eancia, falta ambi\u00e7\u00e3o. Enquanto no futebol a concorr\u00eancia entre grandes clubes eleva o n\u00edvel e cria elites preparadas, na pol\u00edtica escolhem-se gestores do status quo, figuras adaptadas que preferem sobreviver ao sistema do que transform\u00e1-lo. Bruxelas, que deveria ser parceira estrat\u00e9gica, tornou-se impeditivo e ao mesmo tempo desculpa permanente para a falta de iniciativa nacional. A submiss\u00e3o acr\u00edtica a Bruxelas destr\u00f3i qualquer impulso de iniciativa nacional e transforma uma potencial elite pol\u00edtica em meros gestores conformados.<\/p>\n<p>E assim, enquanto em campo Portugal se bate de igual para igual com os melhores, nos gabinetes o pa\u00eds continua a funcionar como um estaleiro sem plano nem engenheiro. A na\u00e7\u00e3o \u00e9 tratada como um projeto provis\u00f3rio, sem miss\u00e3o, sem rumo, sem lideran\u00e7a clara. Pior ainda: a p\u00e1tria parece j\u00e1 n\u00e3o dizer muito a quem a deveria servir com mais empenho.<\/p>\n<p>O exemplo da sele\u00e7\u00e3o nacional, com a sua entrega, compet\u00eancia e liga\u00e7\u00e3o ao povo, devia ser inspira\u00e7\u00e3o. Mas para isso, seria preciso coragem pol\u00edtica, vis\u00e3o de longo prazo e, acima de tudo, sentido de miss\u00e3o. At\u00e9 l\u00e1, continuaremos a ver em campo aquilo que gostar\u00edamos de ver no governo \u2014 e a torcer para que um dia, tamb\u00e9m fora das quatro linhas, Portugal esteja \u00e0 altura de si pr\u00f3prio. Para a pol\u00edtica fica o aviso do seleccionador de Portugal, Roberto Mart\u00ednez: \u201c\u00c9 preciso ter capacidade para sofrer como equipa, ter resili\u00eancia \u201c. Doutro modo, Portugal continuar\u00e1 a erguer-se com alma no relvado e a render-se \u00e0 mediocridade sem rumo nos governos.<\/p>\n<p><strong>Ant\u00f3nio da Cunha Duarte Justo<\/strong><\/p>\n<p>Pegadas do Tempo<\/p>\n<p>(1) A sele\u00e7\u00e3o de Portugal venceu a Espanha, no domingo (8 de junho) em Munique, por 5 a 3 nos penaltis ap\u00f3s empate em 2 a 2 no tempo normal e sagrou-se bicampe\u00e3 da Liga das Na\u00e7\u00f5es da UEFA (Uni\u00e3o das Associa\u00e7\u00f5es Europeias de Futebol).<\/p>\n<p>A Portugal coube ficar em 1\u00b0 lugar, \u00e0 Espanha em 2\u00b0, \u00e0 Fran\u00e7a em 3\u00b0 e \u00e0\u00a0 Alemanha em 4\u00b0.<\/p>\n<p><a href=\"https:\/\/www.gentedeopiniao.com.br\/opiniao\/portugal-na-final-da-liga-das-nacoes\">https:\/\/www.gentedeopiniao.com.br\/opiniao\/portugal-na-final-da-liga-das-nacoes<\/a><\/p>\n<p><a href=\"https:\/\/redactormz.com\/no-qatar\/\">https:\/\/redactormz.com\/no-qatar\/<\/a><\/p>\n<p><a href=\"https:\/\/www.aveirotv.tv\/categoria\/opiniao\/antonio-justo\/\">https:\/\/www.aveirotv.tv\/categoria\/opiniao\/antonio-justo\/<\/a><\/p>\n<p>&nbsp;<\/p>\n","protected":false},"excerpt":{"rendered":"<p>Selec\u00e7\u00e3o nacional campe\u00e3 da Liga das Na\u00e7\u00f5es da UEFA Portugal brilha em campo, derrotando gigantes como Espanha (1) e Alemanha, com alma, intelig\u00eancia e uni\u00e3o. Fora das quatro linhas do relvado, por\u00e9m, reina o conformismo e a mediocridade: uma pol\u00edtica sem norte, sem paix\u00e3o e sem povo. No futebol vemos uma na\u00e7\u00e3o inspirada, competente e &hellip; <a href=\"https:\/\/antonio-justo.eu\/?p=10051\" class=\"more-link\">Continuar a ler <span class=\"screen-reader-text\">Portugal em Campo: Um Exemplo que a Pol\u00edtica Insiste em Ignorar<\/span><\/a><\/p>\n","protected":false},"author":1,"featured_media":0,"comment_status":"open","ping_status":"open","sticky":false,"template":"","format":"standard","meta":{"sfsi_plus_gutenberg_text_before_share":"","sfsi_plus_gutenberg_show_text_before_share":"","sfsi_plus_gutenberg_icon_type":"","sfsi_plus_gutenberg_icon_alignemt":"","sfsi_plus_gutenburg_max_per_row":"","footnotes":""},"categories":[3,15,14,7,16],"tags":[],"class_list":["post-10051","post","type-post","status-publish","format-standard","hentry","category-arte","category-cultura","category-economia","category-politica","category-sociedade"],"_links":{"self":[{"href":"https:\/\/antonio-justo.eu\/index.php?rest_route=\/wp\/v2\/posts\/10051","targetHints":{"allow":["GET"]}}],"collection":[{"href":"https:\/\/antonio-justo.eu\/index.php?rest_route=\/wp\/v2\/posts"}],"about":[{"href":"https:\/\/antonio-justo.eu\/index.php?rest_route=\/wp\/v2\/types\/post"}],"author":[{"embeddable":true,"href":"https:\/\/antonio-justo.eu\/index.php?rest_route=\/wp\/v2\/users\/1"}],"replies":[{"embeddable":true,"href":"https:\/\/antonio-justo.eu\/index.php?rest_route=%2Fwp%2Fv2%2Fcomments&post=10051"}],"version-history":[{"count":7,"href":"https:\/\/antonio-justo.eu\/index.php?rest_route=\/wp\/v2\/posts\/10051\/revisions"}],"predecessor-version":[{"id":10058,"href":"https:\/\/antonio-justo.eu\/index.php?rest_route=\/wp\/v2\/posts\/10051\/revisions\/10058"}],"wp:attachment":[{"href":"https:\/\/antonio-justo.eu\/index.php?rest_route=%2Fwp%2Fv2%2Fmedia&parent=10051"}],"wp:term":[{"taxonomy":"category","embeddable":true,"href":"https:\/\/antonio-justo.eu\/index.php?rest_route=%2Fwp%2Fv2%2Fcategories&post=10051"},{"taxonomy":"post_tag","embeddable":true,"href":"https:\/\/antonio-justo.eu\/index.php?rest_route=%2Fwp%2Fv2%2Ftags&post=10051"}],"curies":[{"name":"wp","href":"https:\/\/api.w.org\/{rel}","templated":true}]}}