{"id":10037,"date":"2025-05-01T21:36:18","date_gmt":"2025-05-01T20:36:18","guid":{"rendered":"https:\/\/antonio-justo.eu\/?p=10037"},"modified":"2025-05-01T22:13:33","modified_gmt":"2025-05-01T21:13:33","slug":"1-o-de-maio-um-grito-por-humanidade-num-mundo-em-ruinas","status":"publish","type":"post","link":"https:\/\/antonio-justo.eu\/?p=10037","title":{"rendered":"1.\u00ba DE MAIO: UM GRITO POR HUMANIDADE NUM MUNDO EM RU\u00cdNAS"},"content":{"rendered":"<p style=\"text-align: center;\"><strong>Um momento de reflex\u00e3o<\/strong><\/p>\n<p>Hoje, quando as m\u00e1quinas substituem m\u00e3os humanas e a dignidade do homem se reduz \u00e0 sua utilidade produtiva, o Dia Internacional dos Trabalhadores n\u00e3o \u00e9 apenas uma data no calend\u00e1rio\u2014\u00e9 um espelho que reflete a nossa decad\u00eancia. Celebramos, sim, mas a quem rendemos homenagem? Aos que labutam sob o jugo de um sistema que os esmaga enquanto os glorifica com palavras vazias? Os trabalhadores conquistaram um dia para si, mas os outros 364 permanecem nas garras de grandes senhores que transformam vidas em n\u00fameros, corpos em engrenagens, sonhos em pe\u00e7as descart\u00e1veis.<\/p>\n<p>Os direitos arrancados a duras penas\u2014horas justas, sal\u00e1rios m\u00ednimos, o direito a respirar fora da f\u00e1brica\u2014s\u00e3o agora devorados pela sanha de um capitalismo disfar\u00e7ado de progresso porque aliado do socialismo materialista. A automa\u00e7\u00e3o, que prometia liberta\u00e7\u00e3o, tornou-se a nova algema: o homem j\u00e1 n\u00e3o \u00e9 explorado por sua for\u00e7a, mas descartado por sua suposta irrelev\u00e2ncia. O sal\u00e1rio m\u00ednimo sustenta o est\u00f3mago, mas n\u00e3o alimenta a alma; garante a sobreviv\u00eancia, mas nega a exist\u00eancia digna. E enquanto a tecnologia avan\u00e7a, a humanidade recua, esfacelada em funcionalidades, reduzida a algoritmos.<\/p>\n<p>A precariza\u00e7\u00e3o n\u00e3o \u00e9 apenas do trabalho\u2014\u00e9 do humano. O indiv\u00edduo, despojado de valor, torna-se mercadoria numa economia que venera m\u00e1quinas e desdenha de carne e osso. As organiza\u00e7\u00f5es sindicais, outrora trincheiras de resist\u00eancia, s\u00e3o esvaziadas por um poder que n\u00e3o tolera coletivos, apenas consumidores isolados. Resta-nos, ent\u00e3o, a pergunta: como resistir? A resposta n\u00e3o est\u00e1 apenas em novas leis, mas numa revolu\u00e7\u00e3o da consci\u00eancia. \u00c9 preciso erguer-se n\u00e3o como pe\u00e7as substitu\u00edveis, mas como seres irredut\u00edveis \u00e0 l\u00f3gica do descarte implementada por medos.<\/p>\n<p>Os governantes, cada vez mais distantes, falam em efici\u00eancia, em crescimento, em futuros digitais\u2014mas calam-se sobre fome, sobre cansa\u00e7o, sobre o desespero de quem n\u00e3o \u00e9 visto como gente, mas como recurso. Suas agendas s\u00e3o escritas a sangue-frio, em salas onde o humano \u00e9 abstra\u00e7\u00e3o e a tecnologia, dogma (num imperialismo mental). Enquanto isso, a instabilidade \u00e9 cultivada como projeto: vidas informais, trabalhos ef\u00e9meros, exist\u00eancias sem ra\u00edzes. O Ocidente, outrora senhor do mundo, v\u00ea agora os servos de ontem exigirem dignidade\u2014e descobre, at\u00f3nito, que j\u00e1 n\u00e3o sabe oferec\u00ea-la nem a si mesmo.<\/p>\n<p>No Cristianismo, hoje \u00e9 dia de S\u00e3o Jos\u00e9 Oper\u00e1rio\u2014o carpinteiro, o trabalhador silencioso que sustentou a sagrada fam\u00edlia com suor e dedica\u00e7\u00e3o. Se queremos resistir \u00e0 mar\u00e9 desumanizante que vem de al\u00e9m-mar (e das ideologias materialistas), n\u00e3o basta evocar os m\u00e1rtires de Chicago; \u00e9 preciso resgatar a ideia de que o trabalho n\u00e3o \u00e9 apenas produ\u00e7\u00e3o, mas extens\u00e3o da pr\u00f3pria humanidade.<\/p>\n<p>E Portugal? Entre a Europa centralista e o globalismo voraz, s\u00f3 nos resta uma sa\u00edda: o federalismo, a for\u00e7a das regi\u00f5es, a resist\u00eancia das culturas locais contra a homogeneiza\u00e7\u00e3o que esmaga identidades. O globalismo s\u00f3 ser\u00e1 leg\u00edtimo se nascer de baixo para cima, se for constru\u00eddo por m\u00e3os humanas, n\u00e3o imposto por m\u00e1quinas pol\u00edticas e por corifeus l\u00edderes de ideologias falsas.<\/p>\n<p>A tarefa que nos resta \u00e9 colossal: libertar-nos n\u00e3o apenas da explora\u00e7\u00e3o, mas da aliena\u00e7\u00e3o que nos faz aceit\u00e1-la. Enquanto houver um sopro de humanidade em n\u00f3s, a luta pela dignidade permanece. N\u00e3o por um mundo de robots, mas por um mundo de gente. Um mundo onde a dignidade n\u00e3o seja privil\u00e9gio, mas direito inalien\u00e1vel\u2014de todos, para todos.<\/p>\n<p><strong>Ant\u00f3nio da Cunha Duarte Justo<\/strong><\/p>\n<p>Pegadas do Tempo<\/p>\n","protected":false},"excerpt":{"rendered":"<p>Um momento de reflex\u00e3o Hoje, quando as m\u00e1quinas substituem m\u00e3os humanas e a dignidade do homem se reduz \u00e0 sua utilidade produtiva, o Dia Internacional dos Trabalhadores n\u00e3o \u00e9 apenas uma data no calend\u00e1rio\u2014\u00e9 um espelho que reflete a nossa decad\u00eancia. Celebramos, sim, mas a quem rendemos homenagem? Aos que labutam sob o jugo de &hellip; <a href=\"https:\/\/antonio-justo.eu\/?p=10037\" class=\"more-link\">Continuar a ler <span class=\"screen-reader-text\">1.\u00ba DE MAIO: UM GRITO POR HUMANIDADE NUM MUNDO EM RU\u00cdNAS<\/span><\/a><\/p>\n","protected":false},"author":1,"featured_media":0,"comment_status":"open","ping_status":"open","sticky":false,"template":"","format":"standard","meta":{"sfsi_plus_gutenberg_text_before_share":"","sfsi_plus_gutenberg_show_text_before_share":"","sfsi_plus_gutenberg_icon_type":"","sfsi_plus_gutenberg_icon_alignemt":"","sfsi_plus_gutenburg_max_per_row":"","footnotes":""},"categories":[15,14,4,7,8,16],"tags":[],"class_list":["post-10037","post","type-post","status-publish","format-standard","hentry","category-cultura","category-economia","category-educacao","category-politica","category-religiao","category-sociedade"],"_links":{"self":[{"href":"https:\/\/antonio-justo.eu\/index.php?rest_route=\/wp\/v2\/posts\/10037","targetHints":{"allow":["GET"]}}],"collection":[{"href":"https:\/\/antonio-justo.eu\/index.php?rest_route=\/wp\/v2\/posts"}],"about":[{"href":"https:\/\/antonio-justo.eu\/index.php?rest_route=\/wp\/v2\/types\/post"}],"author":[{"embeddable":true,"href":"https:\/\/antonio-justo.eu\/index.php?rest_route=\/wp\/v2\/users\/1"}],"replies":[{"embeddable":true,"href":"https:\/\/antonio-justo.eu\/index.php?rest_route=%2Fwp%2Fv2%2Fcomments&post=10037"}],"version-history":[{"count":2,"href":"https:\/\/antonio-justo.eu\/index.php?rest_route=\/wp\/v2\/posts\/10037\/revisions"}],"predecessor-version":[{"id":10039,"href":"https:\/\/antonio-justo.eu\/index.php?rest_route=\/wp\/v2\/posts\/10037\/revisions\/10039"}],"wp:attachment":[{"href":"https:\/\/antonio-justo.eu\/index.php?rest_route=%2Fwp%2Fv2%2Fmedia&parent=10037"}],"wp:term":[{"taxonomy":"category","embeddable":true,"href":"https:\/\/antonio-justo.eu\/index.php?rest_route=%2Fwp%2Fv2%2Fcategories&post=10037"},{"taxonomy":"post_tag","embeddable":true,"href":"https:\/\/antonio-justo.eu\/index.php?rest_route=%2Fwp%2Fv2%2Ftags&post=10037"}],"curies":[{"name":"wp","href":"https:\/\/api.w.org\/{rel}","templated":true}]}}